{"id":124150,"date":"2023-11-30T07:34:40","date_gmt":"2023-11-30T06:34:40","guid":{"rendered":"https:\/\/rna.ao\/rna.ao\/?p=124150"},"modified":"2023-11-30T07:34:40","modified_gmt":"2023-11-30T06:34:40","slug":"seleccao-senior-feminina-de-andebol-estreia-hoje-diante-da-franca-no-mundial-da-noruega-suecia-e-dinamarca","status":"publish","type":"post","link":"https:\/\/rna.ao\/rna.ao\/2023\/11\/30\/seleccao-senior-feminina-de-andebol-estreia-hoje-diante-da-franca-no-mundial-da-noruega-suecia-e-dinamarca\/","title":{"rendered":"Selec\u00e7\u00e3o s\u00e9nior feminina de andebol estreia hoje diante da Fran\u00e7a no mundial da Noruega, Su\u00e9cia e Dinamarca"},"content":{"rendered":"<p><img loading=\"lazy\" class=\"wp-image-124152 alignleft\" src=\"https:\/\/rna.ao\/rna.ao\/wp-content\/uploads\/2023\/11\/406341941_782187113921373_8426465472793444954_n-578x770.jpg\" alt=\"\" width=\"218\" height=\"290\" srcset=\"https:\/\/rna.ao\/rna.ao\/wp-content\/uploads\/2023\/11\/406341941_782187113921373_8426465472793444954_n-578x770.jpg 578w, https:\/\/rna.ao\/rna.ao\/wp-content\/uploads\/2023\/11\/406341941_782187113921373_8426465472793444954_n-878x1170.jpg 878w, https:\/\/rna.ao\/rna.ao\/wp-content\/uploads\/2023\/11\/406341941_782187113921373_8426465472793444954_n-768x1024.jpg 768w, https:\/\/rna.ao\/rna.ao\/wp-content\/uploads\/2023\/11\/406341941_782187113921373_8426465472793444954_n-1152x1536.jpg 1152w, https:\/\/rna.ao\/rna.ao\/wp-content\/uploads\/2023\/11\/406341941_782187113921373_8426465472793444954_n.jpg 1200w\" sizes=\"(max-width: 218px) 100vw, 218px\" \/>A Selec\u00e7\u00e3o Angolana S\u00e9nior Feminina de Andebol, estreia hoje, 30 de Novembro, diante da Fran\u00e7a, no mundial da modalidade que arrancou na quarta-feira (29) na Noruega, Su\u00e9cia e Dinamarca. O jogo que \u00e9 valido para primeira jornada do grupo D, come\u00e7a \u00e1s 20h30 minutos.<\/p>\n<p>&nbsp;<\/p>\n","protected":false},"excerpt":{"rendered":"<p>A Selec\u00e7\u00e3o Angolana S\u00e9nior Feminina de Andebol, estreia hoje, 30 de Novembro, diante da Fran\u00e7a, no mundial da modalidade que arrancou na quarta-feira (29) na Noruega, Su\u00e9cia e Dinamarca. O jogo que \u00e9 valido para primeira jornada do grupo D, come\u00e7a \u00e1s 20h30 minutos. &nbsp;<\/p>\n","protected":false},"author":8,"featured_media":124151,"comment_status":"closed","ping_status":"closed","sticky":false,"template":"","format":"standard","meta":[],"categories":[145,125,164],"tags":[],"_links":{"self":[{"href":"https:\/\/rna.ao\/rna.ao\/wp-json\/wp\/v2\/posts\/124150"}],"collection":[{"href":"https:\/\/rna.ao\/rna.ao\/wp-json\/wp\/v2\/posts"}],"about":[{"href":"https:\/\/rna.ao\/rna.ao\/wp-json\/wp\/v2\/types\/post"}],"author":[{"embeddable":true,"href":"https:\/\/rna.ao\/rna.ao\/wp-json\/wp\/v2\/users\/8"}],"replies":[{"embeddable":true,"href":"https:\/\/rna.ao\/rna.ao\/wp-json\/wp\/v2\/comments?post=124150"}],"version-history":[{"count":1,"href":"https:\/\/rna.ao\/rna.ao\/wp-json\/wp\/v2\/posts\/124150\/revisions"}],"predecessor-version":[{"id":124153,"href":"https:\/\/rna.ao\/rna.ao\/wp-json\/wp\/v2\/posts\/124150\/revisions\/124153"}],"wp:featuredmedia":[{"embeddable":true,"href":"https:\/\/rna.ao\/rna.ao\/wp-json\/wp\/v2\/media\/124151"}],"wp:attachment":[{"href":"https:\/\/rna.ao\/rna.ao\/wp-json\/wp\/v2\/media?parent=124150"}],"wp:term":[{"taxonomy":"category","embeddable":true,"href":"https:\/\/rna.ao\/rna.ao\/wp-json\/wp\/v2\/categories?post=124150"},{"taxonomy":"post_tag","embeddable":true,"href":"https:\/\/rna.ao\/rna.ao\/wp-json\/wp\/v2\/tags?post=124150"}],"curies":[{"name":"wp","href":"https:\/\/api.w.org\/{rel}","templated":true}]}}