{"id":124146,"date":"2023-11-30T07:29:22","date_gmt":"2023-11-30T06:29:22","guid":{"rendered":"https:\/\/rna.ao\/rna.ao\/?p=124146"},"modified":"2023-11-30T07:29:22","modified_gmt":"2023-11-30T06:29:22","slug":"progressao-de-ravinas-e-deslizamento-de-terra-podem-cortar-circulacao-rodoviaria-na-en-120","status":"publish","type":"post","link":"https:\/\/rna.ao\/rna.ao\/2023\/11\/30\/progressao-de-ravinas-e-deslizamento-de-terra-podem-cortar-circulacao-rodoviaria-na-en-120\/","title":{"rendered":"Progress\u00e3o de ravinas e deslizamento de terra podem cortar circula\u00e7\u00e3o rodovi\u00e1ria na EN-120"},"content":{"rendered":"<p><img loading=\"lazy\" class=\"wp-image-124148 alignleft\" src=\"https:\/\/rna.ao\/rna.ao\/wp-content\/uploads\/2023\/11\/ravinas-e-o-deslizamento-de-terra.gif\" alt=\"\" width=\"303\" height=\"227\" \/>A progress\u00e3o de ravinas e o deslizamento de terra, podem cortar a circula\u00e7\u00e3o rodovi\u00e1ria na estrada nacional 120. O fen\u00f3meno natural coloca em risco a liga\u00e7\u00e3o entre as prov\u00edncias do U\u00edge, Bengo e Luanda. Clique, no \u00e1udio abaixo, e ou\u00e7a a reportagem do Joaquim Alfredo:<\/p>\n\t<div class=\"qtmplayer-playlist-large\">\n\t\t<ul class=\"qtmplayer-playlist\">\n\t\t\t\n\t\t\t\t\t<li class=\"qtmplayer-trackitem\">\n\t\t<img src=\"https:\/\/rna.ao\/rna.ao\/wp-content\/uploads\/2023\/11\/ravinas-e-o-deslizamento-de-terra-100x100.gif\" alt=\"cover\">\t\t<span \t\t\tdata-qtmplayer-cover=\"https:\/\/rna.ao\/rna.ao\/wp-content\/uploads\/2023\/11\/ravinas-e-o-deslizamento-de-terra.gif\"\n\t\t\t\t\t\tdata-qtmplayer-file=\"https:\/\/rna.ao\/rna.ao\/wp-content\/uploads\/2023\/11\/UIGE_RAVINAS-06HRS.mp3\"\n\t\t\t\t\t\tdata-qtmplayer-title=\"Progress\u00e3o de ravinas e deslizamento de terra podem cortar circula\u00e7\u00e3o rodovi\u00e1ria na EN-120\"\n\t\t\t\t\t\tdata-qtmplayer-artist=\"RNA\"\n\t\t\t\t\t\tdata-qtmplayer-link=\"https:\/\/rna.ao\/rna.ao\/2023\/11\/30\/progressao-de-ravinas-e-deslizamento-de-terra-podem-cortar-circulacao-rodoviaria-na-en-120\/\"\n\t\t\t\t\t\tdata-qtmplayer-icon=\"file_download\"\n\t\t\t\t\t\tdata-qtmplayer-type=\"track\"\n\t\t\t class=\"qtmplayer-play qtmplayer-link-sec qtmplayer-play-btn\"><i class='material-icons'>play_arrow<\/i><\/span>\n\t\t<p>\n\t\t\t<span class=\"qtmplayer-tit\">Progress\u00e3o de ravinas e deslizamento de terra podem cortar circula\u00e7\u00e3o rodovi\u00e1ria na EN-120<\/span>\n\t\t\t<span class=\"qtmplayer-art\">RNA<\/span>\n\t\t<\/p>\n\t<\/li>\n\t\t<\/ul>\n\t<\/div>\t\t\t\n\t\n","protected":false},"excerpt":{"rendered":"<p>A progress\u00e3o de ravinas e o deslizamento de terra, podem cortar a circula\u00e7\u00e3o rodovi\u00e1ria na estrada nacional 120. O fen\u00f3meno natural coloca em risco a liga\u00e7\u00e3o entre as prov\u00edncias do U\u00edge, Bengo e Luanda. Clique, no \u00e1udio abaixo, e ou\u00e7a a reportagem do Joaquim Alfredo:<\/p>\n","protected":false},"author":8,"featured_media":124148,"comment_status":"closed","ping_status":"closed","sticky":false,"template":"","format":"standard","meta":[],"categories":[142,121,164,163],"tags":[],"_links":{"self":[{"href":"https:\/\/rna.ao\/rna.ao\/wp-json\/wp\/v2\/posts\/124146"}],"collection":[{"href":"https:\/\/rna.ao\/rna.ao\/wp-json\/wp\/v2\/posts"}],"about":[{"href":"https:\/\/rna.ao\/rna.ao\/wp-json\/wp\/v2\/types\/post"}],"author":[{"embeddable":true,"href":"https:\/\/rna.ao\/rna.ao\/wp-json\/wp\/v2\/users\/8"}],"replies":[{"embeddable":true,"href":"https:\/\/rna.ao\/rna.ao\/wp-json\/wp\/v2\/comments?post=124146"}],"version-history":[{"count":1,"href":"https:\/\/rna.ao\/rna.ao\/wp-json\/wp\/v2\/posts\/124146\/revisions"}],"predecessor-version":[{"id":124149,"href":"https:\/\/rna.ao\/rna.ao\/wp-json\/wp\/v2\/posts\/124146\/revisions\/124149"}],"wp:featuredmedia":[{"embeddable":true,"href":"https:\/\/rna.ao\/rna.ao\/wp-json\/wp\/v2\/media\/124148"}],"wp:attachment":[{"href":"https:\/\/rna.ao\/rna.ao\/wp-json\/wp\/v2\/media?parent=124146"}],"wp:term":[{"taxonomy":"category","embeddable":true,"href":"https:\/\/rna.ao\/rna.ao\/wp-json\/wp\/v2\/categories?post=124146"},{"taxonomy":"post_tag","embeddable":true,"href":"https:\/\/rna.ao\/rna.ao\/wp-json\/wp\/v2\/tags?post=124146"}],"curies":[{"name":"wp","href":"https:\/\/api.w.org\/{rel}","templated":true}]}}