{"id":124142,"date":"2023-11-30T07:25:19","date_gmt":"2023-11-30T06:25:19","guid":{"rendered":"https:\/\/rna.ao\/rna.ao\/?p=124142"},"modified":"2023-11-30T07:25:19","modified_gmt":"2023-11-30T06:25:19","slug":"campos-de-cultivo-inundados-em-cambambe-na-sequencia-das-chuvas-que-se-fazem-sentir-com-regularidade","status":"publish","type":"post","link":"https:\/\/rna.ao\/rna.ao\/2023\/11\/30\/campos-de-cultivo-inundados-em-cambambe-na-sequencia-das-chuvas-que-se-fazem-sentir-com-regularidade\/","title":{"rendered":"Campos de cultivo inundados em Cambambe na sequ\u00eancia das chuvas que se fazem sentir com regularidade"},"content":{"rendered":"<p><img loading=\"lazy\" class=\"wp-image-124144 alignleft\" src=\"https:\/\/rna.ao\/rna.ao\/wp-content\/uploads\/2023\/11\/Campos-de-cultivo-estao-inundados.jpg\" alt=\"\" width=\"302\" height=\"221\" \/>V\u00e1rios campos de cultivo est\u00e3o inundados na sequ\u00eancia das chuvas que se fazem sentir com regularidade no Munic\u00edpio de Cambambe, Prov\u00edncia do Cuanza \u2013 Norte. A chuva deixou, igualmente, v\u00e1rias vias intransit\u00e1veis, e muitas fam\u00edlias enfrentam dificuldades na recupera\u00e7\u00e3o do que ainda resta da produ\u00e7\u00e3o. Clique, no \u00e1udio abaixo, e ou\u00e7a a reportagem do Natal dos Santos:<\/p>\n\t<div class=\"qtmplayer-playlist-large\">\n\t\t<ul class=\"qtmplayer-playlist\">\n\t\t\t\n\t\t\t\t\t<li class=\"qtmplayer-trackitem\">\n\t\t<img src=\"https:\/\/rna.ao\/rna.ao\/wp-content\/uploads\/2023\/11\/Campos-de-cultivo-estao-inundados-100x100.jpg\" alt=\"cover\">\t\t<span \t\t\tdata-qtmplayer-cover=\"https:\/\/rna.ao\/rna.ao\/wp-content\/uploads\/2023\/11\/Campos-de-cultivo-estao-inundados.jpg\"\n\t\t\t\t\t\tdata-qtmplayer-file=\"https:\/\/rna.ao\/rna.ao\/wp-content\/uploads\/2023\/11\/CAMBAMBE-INUNDACOES-06HRS.mp3\"\n\t\t\t\t\t\tdata-qtmplayer-title=\"Campos de cultivo inundados em Cambambe na sequ\u00eancia das chuvas que se fazem sentir com regularidade\"\n\t\t\t\t\t\tdata-qtmplayer-artist=\"RNA\"\n\t\t\t\t\t\tdata-qtmplayer-link=\"https:\/\/rna.ao\/rna.ao\/2023\/11\/30\/campos-de-cultivo-inundados-em-cambambe-na-sequencia-das-chuvas-que-se-fazem-sentir-com-regularidade\/\"\n\t\t\t\t\t\tdata-qtmplayer-icon=\"file_download\"\n\t\t\t\t\t\tdata-qtmplayer-type=\"track\"\n\t\t\t class=\"qtmplayer-play qtmplayer-link-sec qtmplayer-play-btn\"><i class='material-icons'>play_arrow<\/i><\/span>\n\t\t<p>\n\t\t\t<span class=\"qtmplayer-tit\">Campos de cultivo inundados em Cambambe na sequ\u00eancia das chuvas que se fazem sentir com regularidade<\/span>\n\t\t\t<span class=\"qtmplayer-art\">RNA<\/span>\n\t\t<\/p>\n\t<\/li>\n\t\t<\/ul>\n\t<\/div>\t\t\t\n\t\n","protected":false},"excerpt":{"rendered":"<p>V\u00e1rios campos de cultivo est\u00e3o inundados na sequ\u00eancia das chuvas que se fazem sentir com regularidade no Munic\u00edpio de Cambambe, Prov\u00edncia do Cuanza \u2013 Norte. A chuva deixou, igualmente, v\u00e1rias vias intransit\u00e1veis, e muitas fam\u00edlias enfrentam dificuldades na recupera\u00e7\u00e3o do que ainda resta da produ\u00e7\u00e3o. Clique, no \u00e1udio abaixo, e ...<\/p>\n","protected":false},"author":8,"featured_media":124144,"comment_status":"closed","ping_status":"closed","sticky":false,"template":"","format":"standard","meta":[],"categories":[142,121,164,163],"tags":[],"_links":{"self":[{"href":"https:\/\/rna.ao\/rna.ao\/wp-json\/wp\/v2\/posts\/124142"}],"collection":[{"href":"https:\/\/rna.ao\/rna.ao\/wp-json\/wp\/v2\/posts"}],"about":[{"href":"https:\/\/rna.ao\/rna.ao\/wp-json\/wp\/v2\/types\/post"}],"author":[{"embeddable":true,"href":"https:\/\/rna.ao\/rna.ao\/wp-json\/wp\/v2\/users\/8"}],"replies":[{"embeddable":true,"href":"https:\/\/rna.ao\/rna.ao\/wp-json\/wp\/v2\/comments?post=124142"}],"version-history":[{"count":1,"href":"https:\/\/rna.ao\/rna.ao\/wp-json\/wp\/v2\/posts\/124142\/revisions"}],"predecessor-version":[{"id":124145,"href":"https:\/\/rna.ao\/rna.ao\/wp-json\/wp\/v2\/posts\/124142\/revisions\/124145"}],"wp:featuredmedia":[{"embeddable":true,"href":"https:\/\/rna.ao\/rna.ao\/wp-json\/wp\/v2\/media\/124144"}],"wp:attachment":[{"href":"https:\/\/rna.ao\/rna.ao\/wp-json\/wp\/v2\/media?parent=124142"}],"wp:term":[{"taxonomy":"category","embeddable":true,"href":"https:\/\/rna.ao\/rna.ao\/wp-json\/wp\/v2\/categories?post=124142"},{"taxonomy":"post_tag","embeddable":true,"href":"https:\/\/rna.ao\/rna.ao\/wp-json\/wp\/v2\/tags?post=124142"}],"curies":[{"name":"wp","href":"https:\/\/api.w.org\/{rel}","templated":true}]}}