{"id":124061,"date":"2023-11-29T05:59:27","date_gmt":"2023-11-29T04:59:27","guid":{"rendered":"https:\/\/rna.ao\/rna.ao\/?p=124061"},"modified":"2023-11-29T07:04:48","modified_gmt":"2023-11-29T06:04:48","slug":"perolas-estreiam-quinta-feira-30-11-no-mundial-senior-feminino-de-andebol","status":"publish","type":"post","link":"https:\/\/rna.ao\/rna.ao\/2023\/11\/29\/perolas-estreiam-quinta-feira-30-11-no-mundial-senior-feminino-de-andebol\/","title":{"rendered":"P\u00e9rolas estreiam quinta-feira (30\/11) no Mundial s\u00e9nior feminino de andebol"},"content":{"rendered":"<p style=\"font-weight: 400;\"><img loading=\"lazy\" class=\" wp-image-124066 aligncenter\" src=\"https:\/\/rna.ao\/rna.ao\/wp-content\/uploads\/2023\/11\/Perolas-treino.jpg\" alt=\"\" width=\"817\" height=\"726\" \/>A equipa nacional de andebol s\u00e9nior feminina j\u00e1 se encontra na Noruega, um dos pa\u00edses que acolhe o Mundial que come\u00e7ou na ter\u00e7a-feira, 28\/11. A sele\u00e7\u00e3o tem estreia marcada para quinta-feira, 30 de novembro, \u00e0s 20 horas, frente a Fran\u00e7a para o grupo D.<\/p>\n<p style=\"font-weight: 400;\">Nelson Catito, treinador-adjunto da equipa nacional, tem notado melhorias no grupo de trabalho com o aproximar da prova internacional. Clique no \u00e1udio e ou\u00e7a:<\/p>\n\t<div class=\"qtmplayer-playlist-large\">\n\t\t<ul class=\"qtmplayer-playlist\">\n\t\t\t\n\t\t\t\t\t<li class=\"qtmplayer-trackitem\">\n\t\t<img src=\"https:\/\/rna.ao\/rna.ao\/wp-content\/uploads\/2023\/11\/Perolas-treino-1-100x100.jpg\" alt=\"cover\">\t\t<span \t\t\tdata-qtmplayer-cover=\"https:\/\/rna.ao\/rna.ao\/wp-content\/uploads\/2023\/11\/Perolas-treino-1.jpg\"\n\t\t\t\t\t\tdata-qtmplayer-file=\"https:\/\/rna.ao\/rna.ao\/wp-content\/uploads\/2023\/11\/P-J-1-NELSON-CATITO-29-11-23.mp3\"\n\t\t\t\t\t\tdata-qtmplayer-title=\"P\u00e9rolas estreiam quinta-feira (30\/11) no Mundial s\u00e9nior feminino de andebol\"\n\t\t\t\t\t\tdata-qtmplayer-artist=\"RNA\"\n\t\t\t\t\t\tdata-qtmplayer-link=\"https:\/\/rna.ao\/rna.ao\/2023\/11\/29\/perolas-estreiam-quinta-feira-30-11-no-mundial-senior-feminino-de-andebol\/\"\n\t\t\t\t\t\tdata-qtmplayer-icon=\"file_download\"\n\t\t\t\t\t\tdata-qtmplayer-type=\"track\"\n\t\t\t class=\"qtmplayer-play qtmplayer-link-sec qtmplayer-play-btn\"><i class='material-icons'>play_arrow<\/i><\/span>\n\t\t<p>\n\t\t\t<span class=\"qtmplayer-tit\">P\u00e9rolas estreiam quinta-feira (30\/11) no Mundial s\u00e9nior feminino de andebol<\/span>\n\t\t\t<span class=\"qtmplayer-art\">RNA<\/span>\n\t\t<\/p>\n\t<\/li>\n\t\t<\/ul>\n\t<\/div>\t\t\t\n\t\n<p style=\"font-weight: 400;\">Saiba ainda que, em Benguela, os agentes ligados a modalidade acreditam na boa presta\u00e7\u00e3o da selec\u00e7\u00e3o nacional. Wilson Muk\u00e9, treinador das camadas jovens da escola 1\u00ba de Maio, est\u00e1 confiante num bom desempenho das p\u00e9rolas. Clique no \u00e1udio e ou\u00e7a:<\/p>\n\t<div class=\"qtmplayer-playlist-large\">\n\t\t<ul class=\"qtmplayer-playlist\">\n\t\t\t\n\t\t\t\t\t<li class=\"qtmplayer-trackitem\">\n\t\t<img src=\"https:\/\/rna.ao\/rna.ao\/wp-content\/uploads\/2023\/11\/Perolas-treino-1-100x100.jpg\" alt=\"cover\">\t\t<span \t\t\tdata-qtmplayer-cover=\"https:\/\/rna.ao\/rna.ao\/wp-content\/uploads\/2023\/11\/Perolas-treino-1.jpg\"\n\t\t\t\t\t\tdata-qtmplayer-file=\"https:\/\/rna.ao\/rna.ao\/wp-content\/uploads\/2023\/11\/P-J-2-WILSOM-MUQUE-29-11-23.mp3\"\n\t\t\t\t\t\tdata-qtmplayer-title=\"P\u00e9rolas estreiam quinta-feira (30\/11) no Mundial s\u00e9nior feminino de andebol\"\n\t\t\t\t\t\tdata-qtmplayer-artist=\"RNA\"\n\t\t\t\t\t\tdata-qtmplayer-link=\"https:\/\/rna.ao\/rna.ao\/2023\/11\/29\/perolas-estreiam-quinta-feira-30-11-no-mundial-senior-feminino-de-andebol\/\"\n\t\t\t\t\t\tdata-qtmplayer-icon=\"file_download\"\n\t\t\t\t\t\tdata-qtmplayer-type=\"track\"\n\t\t\t class=\"qtmplayer-play qtmplayer-link-sec qtmplayer-play-btn\"><i class='material-icons'>play_arrow<\/i><\/span>\n\t\t<p>\n\t\t\t<span class=\"qtmplayer-tit\">P\u00e9rolas estreiam quinta-feira (30\/11) no Mundial s\u00e9nior feminino de andebol<\/span>\n\t\t\t<span class=\"qtmplayer-art\">RNA<\/span>\n\t\t<\/p>\n\t<\/li>\n\t\t<\/ul>\n\t<\/div>\t\t\t\n\t\n<p style=\"font-weight: 400;\">E a praticante de andebol, C\u00e2ndida D\u00e2maso, diz que cada jogo tem a sua hist\u00f3ria, reconhece o potencia do advers\u00e1rio, mas acredita num bom resultado. Clique no \u00e1udio e ou\u00e7a:<\/p>\n\t<div class=\"qtmplayer-playlist-large\">\n\t\t<ul class=\"qtmplayer-playlist\">\n\t\t\t\n\t\t\t\t\t<li class=\"qtmplayer-trackitem\">\n\t\t<img src=\"https:\/\/rna.ao\/rna.ao\/wp-content\/uploads\/2023\/11\/Perolas-treino-1-100x100.jpg\" alt=\"cover\">\t\t<span \t\t\tdata-qtmplayer-cover=\"https:\/\/rna.ao\/rna.ao\/wp-content\/uploads\/2023\/11\/Perolas-treino-1.jpg\"\n\t\t\t\t\t\tdata-qtmplayer-file=\"https:\/\/rna.ao\/rna.ao\/wp-content\/uploads\/2023\/11\/P-J-3-CANDIDA-DAMASO-29-11-23.mp3\"\n\t\t\t\t\t\tdata-qtmplayer-title=\"P\u00e9rolas estreiam quinta-feira (30\/11) no Mundial s\u00e9nior feminino de andebol\"\n\t\t\t\t\t\tdata-qtmplayer-artist=\"RNA\"\n\t\t\t\t\t\tdata-qtmplayer-link=\"https:\/\/rna.ao\/rna.ao\/2023\/11\/29\/perolas-estreiam-quinta-feira-30-11-no-mundial-senior-feminino-de-andebol\/\"\n\t\t\t\t\t\tdata-qtmplayer-icon=\"file_download\"\n\t\t\t\t\t\tdata-qtmplayer-type=\"track\"\n\t\t\t class=\"qtmplayer-play qtmplayer-link-sec qtmplayer-play-btn\"><i class='material-icons'>play_arrow<\/i><\/span>\n\t\t<p>\n\t\t\t<span class=\"qtmplayer-tit\">P\u00e9rolas estreiam quinta-feira (30\/11) no Mundial s\u00e9nior feminino de andebol<\/span>\n\t\t\t<span class=\"qtmplayer-art\">RNA<\/span>\n\t\t<\/p>\n\t<\/li>\n\t\t<\/ul>\n\t<\/div>\t\t\t\n\t\n<p style=\"font-weight: 400;\">Fonte: R\u00e1dio 5\/RNA<\/p>\n","protected":false},"excerpt":{"rendered":"<p>A equipa nacional de andebol s\u00e9nior feminina j\u00e1 se encontra na Noruega, um dos pa\u00edses que acolhe o Mundial que come\u00e7ou na ter\u00e7a-feira, 28\/11. A sele\u00e7\u00e3o tem estreia marcada para quinta-feira, 30 de novembro, \u00e0s 20 horas, frente a Fran\u00e7a para o grupo D. Nelson Catito, treinador-adjunto da equipa nacional, ...<\/p>\n","protected":false},"author":8,"featured_media":124067,"comment_status":"closed","ping_status":"closed","sticky":false,"template":"","format":"standard","meta":[],"categories":[145,125,164,163],"tags":[],"_links":{"self":[{"href":"https:\/\/rna.ao\/rna.ao\/wp-json\/wp\/v2\/posts\/124061"}],"collection":[{"href":"https:\/\/rna.ao\/rna.ao\/wp-json\/wp\/v2\/posts"}],"about":[{"href":"https:\/\/rna.ao\/rna.ao\/wp-json\/wp\/v2\/types\/post"}],"author":[{"embeddable":true,"href":"https:\/\/rna.ao\/rna.ao\/wp-json\/wp\/v2\/users\/8"}],"replies":[{"embeddable":true,"href":"https:\/\/rna.ao\/rna.ao\/wp-json\/wp\/v2\/comments?post=124061"}],"version-history":[{"count":4,"href":"https:\/\/rna.ao\/rna.ao\/wp-json\/wp\/v2\/posts\/124061\/revisions"}],"predecessor-version":[{"id":124082,"href":"https:\/\/rna.ao\/rna.ao\/wp-json\/wp\/v2\/posts\/124061\/revisions\/124082"}],"wp:featuredmedia":[{"embeddable":true,"href":"https:\/\/rna.ao\/rna.ao\/wp-json\/wp\/v2\/media\/124067"}],"wp:attachment":[{"href":"https:\/\/rna.ao\/rna.ao\/wp-json\/wp\/v2\/media?parent=124061"}],"wp:term":[{"taxonomy":"category","embeddable":true,"href":"https:\/\/rna.ao\/rna.ao\/wp-json\/wp\/v2\/categories?post=124061"},{"taxonomy":"post_tag","embeddable":true,"href":"https:\/\/rna.ao\/rna.ao\/wp-json\/wp\/v2\/tags?post=124061"}],"curies":[{"name":"wp","href":"https:\/\/api.w.org\/{rel}","templated":true}]}}