{"id":124043,"date":"2023-11-29T06:00:03","date_gmt":"2023-11-29T05:00:03","guid":{"rendered":"https:\/\/rna.ao\/rna.ao\/?p=124043"},"modified":"2023-11-29T07:03:31","modified_gmt":"2023-11-29T06:03:31","slug":"ministro-prestigia-no-bengo-acto-de-consignacao-das-obras-no-troco-onzo-muxiluanda-em-nambuangongo","status":"publish","type":"post","link":"https:\/\/rna.ao\/rna.ao\/2023\/11\/29\/ministro-prestigia-no-bengo-acto-de-consignacao-das-obras-no-troco-onzo-muxiluanda-em-nambuangongo\/","title":{"rendered":"Ministro prestigia no Bengo acto de consigna\u00e7\u00e3o das obras no tro\u00e7o Onzo\/Muxaluando em Nambuangongo"},"content":{"rendered":"<p style=\"font-weight: 400;\"><img loading=\"lazy\" class=\"size-medium wp-image-102089 aligncenter\" src=\"https:\/\/rna.ao\/rna.ao\/wp-content\/uploads\/2023\/05\/Carlos-dos-Santos-770x578.jpg\" alt=\"\" width=\"770\" height=\"578\" srcset=\"https:\/\/rna.ao\/rna.ao\/wp-content\/uploads\/2023\/05\/Carlos-dos-Santos-770x578.jpg 770w, https:\/\/rna.ao\/rna.ao\/wp-content\/uploads\/2023\/05\/Carlos-dos-Santos-768x576.jpg 768w, https:\/\/rna.ao\/rna.ao\/wp-content\/uploads\/2023\/05\/Carlos-dos-Santos.jpg 1080w\" sizes=\"(max-width: 770px) 100vw, 770px\" \/>O Ministro das Obras P\u00fablicas, Urbanismo e Habita\u00e7\u00e3o, Carlos dos Santos, efectua na manh\u00e3 de hoje, 29 de novembro, na Prov\u00edncia do Bengo, o acto de consigna\u00e7\u00e3o das obras sobre o tro\u00e7o Onzo\/Muxaluando, no Munic\u00edpio de Nambuangongo.<\/p>\n<p style=\"font-weight: 400;\">A presen\u00e7a de homens e M\u00e1quinas naquele tro\u00e7o, da Estrada Nacional n\u00famero 311, reflete o cumprimento da orienta\u00e7\u00e3o deixada pelo Presidente da Rep\u00fablica, Jo\u00e3o Louren\u00e7o, aquando da sua \u00faltima visita de trabalho \u00e0 Caxito. saiba mais, no \u00e1udio abaixo, com o rep\u00f3rter Vladimiro Afonso:<\/p>\n\t<div class=\"qtmplayer-playlist-large\">\n\t\t<ul class=\"qtmplayer-playlist\">\n\t\t\t\n\t\t\t\t\t<li class=\"qtmplayer-trackitem\">\n\t\t<img src=\"https:\/\/rna.ao\/rna.ao\/wp-content\/uploads\/2023\/05\/Carlos-dos-Santos-1-100x100.jpg\" alt=\"cover\">\t\t<span \t\t\tdata-qtmplayer-cover=\"https:\/\/rna.ao\/rna.ao\/wp-content\/uploads\/2023\/05\/Carlos-dos-Santos-1.jpg\"\n\t\t\t\t\t\tdata-qtmplayer-file=\"https:\/\/rna.ao\/rna.ao\/wp-content\/uploads\/2023\/11\/BENGO-ACTO-DE-CONSIGNACAO-06-HRS.mp3\"\n\t\t\t\t\t\tdata-qtmplayer-title=\"Ministro prestigia no Bengo acto de consigna\u00e7\u00e3o das obras no tro\u00e7o Onzo\/Muxaluando em Nambuangongo\"\n\t\t\t\t\t\tdata-qtmplayer-artist=\"RNA\"\n\t\t\t\t\t\tdata-qtmplayer-link=\"https:\/\/rna.ao\/rna.ao\/2023\/11\/29\/ministro-prestigia-no-bengo-acto-de-consignacao-das-obras-no-troco-onzo-muxiluanda-em-nambuangongo\/\"\n\t\t\t\t\t\tdata-qtmplayer-icon=\"file_download\"\n\t\t\t\t\t\tdata-qtmplayer-type=\"track\"\n\t\t\t class=\"qtmplayer-play qtmplayer-link-sec qtmplayer-play-btn\"><i class='material-icons'>play_arrow<\/i><\/span>\n\t\t<p>\n\t\t\t<span class=\"qtmplayer-tit\">Ministro prestigia no Bengo acto de consigna\u00e7\u00e3o das obras no tro\u00e7o Onzo\/Muxaluando em Nambuangongo<\/span>\n\t\t\t<span class=\"qtmplayer-art\">RNA<\/span>\n\t\t<\/p>\n\t<\/li>\n\t\t<\/ul>\n\t<\/div>\t\t\t\n\t\n<p>Fonte: RNA<\/p>\n","protected":false},"excerpt":{"rendered":"<p>O Ministro das Obras P\u00fablicas, Urbanismo e Habita\u00e7\u00e3o, Carlos dos Santos, efectua na manh\u00e3 de hoje, 29 de novembro, na Prov\u00edncia do Bengo, o acto de consigna\u00e7\u00e3o das obras sobre o tro\u00e7o Onzo\/Muxaluando, no Munic\u00edpio de Nambuangongo. A presen\u00e7a de homens e M\u00e1quinas naquele tro\u00e7o, da Estrada Nacional n\u00famero 311, ...<\/p>\n","protected":false},"author":8,"featured_media":102090,"comment_status":"closed","ping_status":"closed","sticky":false,"template":"","format":"standard","meta":[],"categories":[142,121,164,163],"tags":[],"_links":{"self":[{"href":"https:\/\/rna.ao\/rna.ao\/wp-json\/wp\/v2\/posts\/124043"}],"collection":[{"href":"https:\/\/rna.ao\/rna.ao\/wp-json\/wp\/v2\/posts"}],"about":[{"href":"https:\/\/rna.ao\/rna.ao\/wp-json\/wp\/v2\/types\/post"}],"author":[{"embeddable":true,"href":"https:\/\/rna.ao\/rna.ao\/wp-json\/wp\/v2\/users\/8"}],"replies":[{"embeddable":true,"href":"https:\/\/rna.ao\/rna.ao\/wp-json\/wp\/v2\/comments?post=124043"}],"version-history":[{"count":3,"href":"https:\/\/rna.ao\/rna.ao\/wp-json\/wp\/v2\/posts\/124043\/revisions"}],"predecessor-version":[{"id":124080,"href":"https:\/\/rna.ao\/rna.ao\/wp-json\/wp\/v2\/posts\/124043\/revisions\/124080"}],"wp:featuredmedia":[{"embeddable":true,"href":"https:\/\/rna.ao\/rna.ao\/wp-json\/wp\/v2\/media\/102090"}],"wp:attachment":[{"href":"https:\/\/rna.ao\/rna.ao\/wp-json\/wp\/v2\/media?parent=124043"}],"wp:term":[{"taxonomy":"category","embeddable":true,"href":"https:\/\/rna.ao\/rna.ao\/wp-json\/wp\/v2\/categories?post=124043"},{"taxonomy":"post_tag","embeddable":true,"href":"https:\/\/rna.ao\/rna.ao\/wp-json\/wp\/v2\/tags?post=124043"}],"curies":[{"name":"wp","href":"https:\/\/api.w.org\/{rel}","templated":true}]}}