{"id":122743,"date":"2023-11-14T09:11:26","date_gmt":"2023-11-14T08:11:26","guid":{"rendered":"https:\/\/rna.ao\/rna.ao\/?p=122743"},"modified":"2023-11-14T15:09:13","modified_gmt":"2023-11-14T14:09:13","slug":"governo-propoe-reducao-do-iva-de-2-para-1-por-cento-para-a-provincia-de-cabinda","status":"publish","type":"post","link":"https:\/\/rna.ao\/rna.ao\/2023\/11\/14\/governo-propoe-reducao-do-iva-de-2-para-1-por-cento-para-a-provincia-de-cabinda\/","title":{"rendered":"Governo prop\u00f5e redu\u00e7\u00e3o do IVA de 2 para 1 por cento para a Prov\u00edncia de Cabinda"},"content":{"rendered":"<p><img loading=\"lazy\" class=\"alignnone size-full wp-image-122745\" src=\"https:\/\/rna.ao\/rna.ao\/wp-content\/uploads\/2023\/11\/vera-iva.jpg\" alt=\"\" width=\"620\" height=\"355\" \/><\/p>\n<p>A Ministra das Finan\u00e7as, Vera Daves de Sousa, esclarece que um IVA\u00a0 abaixo de zero por cento, neste momento, em Angola \u00e9 invi\u00e1vel.<\/p>\n<p>Para Vera Daves de Sousa, a decis\u00e3o do Executivo em fixar o Iva a 5 por cento para os produtos alimentares de amplo consumo, resultou de um estudo\u00a0 profundo face \u00e0s actuais condi\u00e7\u00f5es da economia nacional.<\/p>\n<p>Quanto \u00e0 Prov\u00edncia de Cabinda, o Executivo prop\u00f4s a redu\u00e7\u00e3o do IVA de 2 para 1 por cento a julgar pela sua descontinuidade geogr\u00e1fica. Ou\u00e7a , no \u00e1udio abaixo, o Jornalista Ant\u00f3nio Chocolate com mais dados:<\/p>\n\t<div class=\"qtmplayer-playlist-large\">\n\t\t<ul class=\"qtmplayer-playlist\">\n\t\t\t\n\t\t\t\t\t<li class=\"qtmplayer-trackitem\">\n\t\t<img src=\"https:\/\/rna.ao\/rna.ao\/wp-content\/uploads\/2023\/11\/vera-iva-100x100.jpg\" alt=\"cover\">\t\t<span \t\t\tdata-qtmplayer-cover=\"https:\/\/rna.ao\/rna.ao\/wp-content\/uploads\/2023\/11\/vera-iva.jpg\"\n\t\t\t\t\t\tdata-qtmplayer-file=\"https:\/\/rna.ao\/rna.ao\/wp-content\/uploads\/2023\/11\/ANTONIO-CHOCOLATE-7-HORAS-1.mp3\"\n\t\t\t\t\t\tdata-qtmplayer-title=\"Governo prop\u00f5e redu\u00e7\u00e3o do IVA de 2 para 1 por cento para a Prov\u00edncia de Cabinda\"\n\t\t\t\t\t\tdata-qtmplayer-artist=\"Carla\"\n\t\t\t\t\t\tdata-qtmplayer-link=\"https:\/\/rna.ao\/rna.ao\/2023\/11\/14\/governo-propoe-reducao-do-iva-de-2-para-1-por-cento-para-a-provincia-de-cabinda\/\"\n\t\t\t\t\t\tdata-qtmplayer-icon=\"file_download\"\n\t\t\t\t\t\tdata-qtmplayer-type=\"track\"\n\t\t\t class=\"qtmplayer-play qtmplayer-link-sec qtmplayer-play-btn\"><i class='material-icons'>play_arrow<\/i><\/span>\n\t\t<p>\n\t\t\t<span class=\"qtmplayer-tit\">Governo prop\u00f5e redu\u00e7\u00e3o do IVA de 2 para 1 por cento para a Prov\u00edncia de Cabinda<\/span>\n\t\t\t<span class=\"qtmplayer-art\">Carla<\/span>\n\t\t<\/p>\n\t<\/li>\n\t\t<\/ul>\n\t<\/div>\t\t\t\n\t\n<p>&nbsp;<\/p>\n<p>&nbsp;<\/p>\n<p>&nbsp;<\/p>\n","protected":false},"excerpt":{"rendered":"<p>A Ministra das Finan\u00e7as, Vera Daves de Sousa, esclarece que um IVA\u00a0 abaixo de zero por cento, neste momento, em Angola \u00e9 invi\u00e1vel. Para Vera Daves de Sousa, a decis\u00e3o do Executivo em fixar o Iva a 5 por cento para os produtos alimentares de amplo consumo, resultou de um ...<\/p>\n","protected":false},"author":10,"featured_media":122745,"comment_status":"closed","ping_status":"closed","sticky":false,"template":"","format":"standard","meta":[],"categories":[142,121,163],"tags":[],"_links":{"self":[{"href":"https:\/\/rna.ao\/rna.ao\/wp-json\/wp\/v2\/posts\/122743"}],"collection":[{"href":"https:\/\/rna.ao\/rna.ao\/wp-json\/wp\/v2\/posts"}],"about":[{"href":"https:\/\/rna.ao\/rna.ao\/wp-json\/wp\/v2\/types\/post"}],"author":[{"embeddable":true,"href":"https:\/\/rna.ao\/rna.ao\/wp-json\/wp\/v2\/users\/10"}],"replies":[{"embeddable":true,"href":"https:\/\/rna.ao\/rna.ao\/wp-json\/wp\/v2\/comments?post=122743"}],"version-history":[{"count":4,"href":"https:\/\/rna.ao\/rna.ao\/wp-json\/wp\/v2\/posts\/122743\/revisions"}],"predecessor-version":[{"id":122768,"href":"https:\/\/rna.ao\/rna.ao\/wp-json\/wp\/v2\/posts\/122743\/revisions\/122768"}],"wp:featuredmedia":[{"embeddable":true,"href":"https:\/\/rna.ao\/rna.ao\/wp-json\/wp\/v2\/media\/122745"}],"wp:attachment":[{"href":"https:\/\/rna.ao\/rna.ao\/wp-json\/wp\/v2\/media?parent=122743"}],"wp:term":[{"taxonomy":"category","embeddable":true,"href":"https:\/\/rna.ao\/rna.ao\/wp-json\/wp\/v2\/categories?post=122743"},{"taxonomy":"post_tag","embeddable":true,"href":"https:\/\/rna.ao\/rna.ao\/wp-json\/wp\/v2\/tags?post=122743"}],"curies":[{"name":"wp","href":"https:\/\/api.w.org\/{rel}","templated":true}]}}