{"id":122734,"date":"2023-11-14T08:43:30","date_gmt":"2023-11-14T07:43:30","guid":{"rendered":"https:\/\/rna.ao\/rna.ao\/?p=122734"},"modified":"2023-11-14T13:59:45","modified_gmt":"2023-11-14T12:59:45","slug":"massacre-em-aldeia-no-norte-do-burkina-faso-fez-70-mortos","status":"publish","type":"post","link":"https:\/\/rna.ao\/rna.ao\/2023\/11\/14\/massacre-em-aldeia-no-norte-do-burkina-faso-fez-70-mortos\/","title":{"rendered":"Massacre numa aldeia no norte do Burkina Faso fez 70 mortos"},"content":{"rendered":"<div class=\"mx-3 mx-md-5 article-text margin-top-30\">\n<figure id=\"attachment_122735\" aria-describedby=\"caption-attachment-122735\" style=\"width: 664px\" class=\"wp-caption alignnone\"><img loading=\"lazy\" class=\"size-full wp-image-122735\" src=\"https:\/\/rna.ao\/rna.ao\/wp-content\/uploads\/2023\/11\/burkina-3.jpg\" alt=\"\" width=\"664\" height=\"443\" \/><figcaption id=\"caption-attachment-122735\" class=\"wp-caption-text\"><span style=\"font-size: 16px;\">Setenta pessoas foram mortas no norte do Burkina Faso por assaltantes, a maioria das quais crian\u00e7as e idosos, num massacre numa aldeia no in\u00edcio do m\u00eas que continua a ser investigado, adiantaram as autoridades locais.<\/span><\/figcaption><\/figure>\n<\/div>\n<div class=\"hidden-content relative\">\n<div class=\"mx-3 mx-md-5 article-text\">\n<section class=\"article-body readthis-1529435\">O procurador Simon B. Gnanou disse que o ataque aconteceu na aldeia de Zaongo, a cerca de 60 quil\u00f3metros da cidade de Boulsa.<\/p>\n<p>&#8220;<b>At\u00e9 ao momento, face \u00e0s nossas investiga\u00e7\u00f5es e aos testemunhos recolhidos, os perpetradores destas atrocidades permanecem desconhecidos<\/b>&#8220;, disse Gnanou.<\/p>\n<p>A na\u00e7\u00e3o da \u00c1frica Ocidental luta h\u00e1 anos contra insurgentes jihadistas ligados \u00e0 Al-Qaeda e ao Estado Isl\u00e2mico, o que j\u00e1 motivou milhares de mortos e mais de dois milh\u00f5es de deslocados internos.<\/p>\n<p>As autoridades locais levaram dois dias a alertar para o ataque e mais quatro dias para que uma equipa de investigadores pudesse chegar ao local onde encontraram dezenas de casas queimadas, disse o procurador, acrescentando que a dado momento foi tamb\u00e9m necess\u00e1rio repelir um ataque contra a coluna de investigadores.<\/p>\n<p>&#8220;<b>Nestas circunst\u00e2ncias dolorosas, apresento as minhas sentidas condol\u00eancias \u00e0s fam\u00edlias enlutadas e desejos de uma r\u00e1pida recupera\u00e7\u00e3o dos feridos<\/b>&#8220;, disse Gnanou.<\/p>\n<p>A viol\u00eancia jihadista no Burkina Faso levou a dois golpes de Estado, com a atual junta no poder desde setembro de 2022.<\/p>\n<p>A junta, liderada pelo capit\u00e3o Ibrahim Traore, foi acusada por grupos de defesa de direitos humanos de cometer abusos contra civis e reprimir liberdades civis em nome da seguran\u00e7a nacional.<\/p>\n<p>No in\u00edcio do m\u00eas a junta apresentou uma lei de emerg\u00eancia contra suspeitos de dissid\u00eancia para alargar a repress\u00e3o, de acordo com um relat\u00f3rio da organiza\u00e7\u00e3o Human Rights Watch.<\/p>\n<\/section>\n<\/div>\n<\/div>\n","protected":false},"excerpt":{"rendered":"<p>O procurador Simon B. Gnanou disse que o ataque aconteceu na aldeia de Zaongo, a cerca de 60 quil\u00f3metros da cidade de Boulsa. &#8220;At\u00e9 ao momento, face \u00e0s nossas investiga\u00e7\u00f5es e aos testemunhos recolhidos, os perpetradores destas atrocidades permanecem desconhecidos&#8220;, disse Gnanou. A na\u00e7\u00e3o da \u00c1frica Ocidental luta h\u00e1 anos ...<\/p>\n","protected":false},"author":10,"featured_media":122735,"comment_status":"closed","ping_status":"closed","sticky":false,"template":"","format":"standard","meta":[],"categories":[142,121,163],"tags":[],"_links":{"self":[{"href":"https:\/\/rna.ao\/rna.ao\/wp-json\/wp\/v2\/posts\/122734"}],"collection":[{"href":"https:\/\/rna.ao\/rna.ao\/wp-json\/wp\/v2\/posts"}],"about":[{"href":"https:\/\/rna.ao\/rna.ao\/wp-json\/wp\/v2\/types\/post"}],"author":[{"embeddable":true,"href":"https:\/\/rna.ao\/rna.ao\/wp-json\/wp\/v2\/users\/10"}],"replies":[{"embeddable":true,"href":"https:\/\/rna.ao\/rna.ao\/wp-json\/wp\/v2\/comments?post=122734"}],"version-history":[{"count":2,"href":"https:\/\/rna.ao\/rna.ao\/wp-json\/wp\/v2\/posts\/122734\/revisions"}],"predecessor-version":[{"id":122760,"href":"https:\/\/rna.ao\/rna.ao\/wp-json\/wp\/v2\/posts\/122734\/revisions\/122760"}],"wp:featuredmedia":[{"embeddable":true,"href":"https:\/\/rna.ao\/rna.ao\/wp-json\/wp\/v2\/media\/122735"}],"wp:attachment":[{"href":"https:\/\/rna.ao\/rna.ao\/wp-json\/wp\/v2\/media?parent=122734"}],"wp:term":[{"taxonomy":"category","embeddable":true,"href":"https:\/\/rna.ao\/rna.ao\/wp-json\/wp\/v2\/categories?post=122734"},{"taxonomy":"post_tag","embeddable":true,"href":"https:\/\/rna.ao\/rna.ao\/wp-json\/wp\/v2\/tags?post=122734"}],"curies":[{"name":"wp","href":"https:\/\/api.w.org\/{rel}","templated":true}]}}