{"id":122729,"date":"2023-11-14T08:37:22","date_gmt":"2023-11-14T07:37:22","guid":{"rendered":"https:\/\/rna.ao\/rna.ao\/?p=122729"},"modified":"2023-11-14T15:14:46","modified_gmt":"2023-11-14T14:14:46","slug":"antigo-governador-da-lunda-sul-ernesto-kiteculo-comeca-hoje-a-ser-julgado-no-tribunal-supremo","status":"publish","type":"post","link":"https:\/\/rna.ao\/rna.ao\/2023\/11\/14\/antigo-governador-da-lunda-sul-ernesto-kiteculo-comeca-hoje-a-ser-julgado-no-tribunal-supremo\/","title":{"rendered":"Antigo governador da Lunda-Sul Ernesto Kiteculo come\u00e7a hoje a ser julgado no tribunal supremo"},"content":{"rendered":"<p><img loading=\"lazy\" class=\"alignnone size-full wp-image-122731\" src=\"https:\/\/rna.ao\/rna.ao\/wp-content\/uploads\/2023\/11\/ErnestoKiteculo.jpg\" alt=\"\" width=\"518\" height=\"341\" \/><\/p>\n<p style=\"font-weight: 400;\">O antigo governador da Prov\u00edncia da Lunda-Sul, Ernesto Kiteculo, come\u00e7a hoje, 14 de novembro, a ser julgado no Tribunal Supremo.<\/p>\n<p style=\"font-weight: 400;\">Ernesto Kiteculo vai ser julgado por suspeita de v\u00e1rios crimes cometidos no per\u00edodo de 2012 a 2017, quando era Vice-governador para o Sector Econ\u00f3mico e Produtivo da Prov\u00edncia do Cuando KCubango. Saiba mais, no \u00e1udio abaixo, com o Jornalista Liberato Furtado:<\/p>\n\t<div class=\"qtmplayer-playlist-large\">\n\t\t<ul class=\"qtmplayer-playlist\">\n\t\t\t\n\t\t\t\t\t<li class=\"qtmplayer-trackitem\">\n\t\t<img src=\"https:\/\/rna.ao\/rna.ao\/wp-content\/uploads\/2023\/11\/ErnestoKiteculo-100x100.jpg\" alt=\"cover\">\t\t<span \t\t\tdata-qtmplayer-cover=\"https:\/\/rna.ao\/rna.ao\/wp-content\/uploads\/2023\/11\/ErnestoKiteculo.jpg\"\n\t\t\t\t\t\tdata-qtmplayer-file=\"https:\/\/rna.ao\/rna.ao\/wp-content\/uploads\/2023\/11\/LIBERATO-FURTADO-CASO-KITECULO-07HRS.mp3\"\n\t\t\t\t\t\tdata-qtmplayer-title=\"Antigo governador da Lunda-Sul Ernesto Kiteculo come\u00e7a hoje a ser julgado no tribunal supremo\"\n\t\t\t\t\t\tdata-qtmplayer-artist=\"Carla\"\n\t\t\t\t\t\tdata-qtmplayer-link=\"https:\/\/rna.ao\/rna.ao\/2023\/11\/14\/antigo-governador-da-lunda-sul-ernesto-kiteculo-comeca-hoje-a-ser-julgado-no-tribunal-supremo\/\"\n\t\t\t\t\t\tdata-qtmplayer-icon=\"file_download\"\n\t\t\t\t\t\tdata-qtmplayer-type=\"track\"\n\t\t\t class=\"qtmplayer-play qtmplayer-link-sec qtmplayer-play-btn\"><i class='material-icons'>play_arrow<\/i><\/span>\n\t\t<p>\n\t\t\t<span class=\"qtmplayer-tit\">Antigo governador da Lunda-Sul Ernesto Kiteculo come\u00e7a hoje a ser julgado no tribunal supremo<\/span>\n\t\t\t<span class=\"qtmplayer-art\">Carla<\/span>\n\t\t<\/p>\n\t<\/li>\n\t\t<\/ul>\n\t<\/div>\t\t\t\n\t\n","protected":false},"excerpt":{"rendered":"<p>O antigo governador da Prov\u00edncia da Lunda-Sul, Ernesto Kiteculo, come\u00e7a hoje, 14 de novembro, a ser julgado no Tribunal Supremo. Ernesto Kiteculo vai ser julgado por suspeita de v\u00e1rios crimes cometidos no per\u00edodo de 2012 a 2017, quando era Vice-governador para o Sector Econ\u00f3mico e Produtivo da Prov\u00edncia do Cuando ...<\/p>\n","protected":false},"author":10,"featured_media":122731,"comment_status":"closed","ping_status":"closed","sticky":false,"template":"","format":"standard","meta":[],"categories":[142,121,163],"tags":[],"_links":{"self":[{"href":"https:\/\/rna.ao\/rna.ao\/wp-json\/wp\/v2\/posts\/122729"}],"collection":[{"href":"https:\/\/rna.ao\/rna.ao\/wp-json\/wp\/v2\/posts"}],"about":[{"href":"https:\/\/rna.ao\/rna.ao\/wp-json\/wp\/v2\/types\/post"}],"author":[{"embeddable":true,"href":"https:\/\/rna.ao\/rna.ao\/wp-json\/wp\/v2\/users\/10"}],"replies":[{"embeddable":true,"href":"https:\/\/rna.ao\/rna.ao\/wp-json\/wp\/v2\/comments?post=122729"}],"version-history":[{"count":3,"href":"https:\/\/rna.ao\/rna.ao\/wp-json\/wp\/v2\/posts\/122729\/revisions"}],"predecessor-version":[{"id":122772,"href":"https:\/\/rna.ao\/rna.ao\/wp-json\/wp\/v2\/posts\/122729\/revisions\/122772"}],"wp:featuredmedia":[{"embeddable":true,"href":"https:\/\/rna.ao\/rna.ao\/wp-json\/wp\/v2\/media\/122731"}],"wp:attachment":[{"href":"https:\/\/rna.ao\/rna.ao\/wp-json\/wp\/v2\/media?parent=122729"}],"wp:term":[{"taxonomy":"category","embeddable":true,"href":"https:\/\/rna.ao\/rna.ao\/wp-json\/wp\/v2\/categories?post=122729"},{"taxonomy":"post_tag","embeddable":true,"href":"https:\/\/rna.ao\/rna.ao\/wp-json\/wp\/v2\/tags?post=122729"}],"curies":[{"name":"wp","href":"https:\/\/api.w.org\/{rel}","templated":true}]}}