{"id":122723,"date":"2023-11-14T08:27:48","date_gmt":"2023-11-14T07:27:48","guid":{"rendered":"https:\/\/rna.ao\/rna.ao\/?p=122723"},"modified":"2023-11-14T15:18:49","modified_gmt":"2023-11-14T14:18:49","slug":"presidente-da-republica-desafia-a-taag-a-abrir-novas-rotas-e-servir-melhor-o-continente","status":"publish","type":"post","link":"https:\/\/rna.ao\/rna.ao\/2023\/11\/14\/presidente-da-republica-desafia-a-taag-a-abrir-novas-rotas-e-servir-melhor-o-continente\/","title":{"rendered":"Presidente da Rep\u00fablica desafia a TAAG a abrir novas rotas e servir melhor o continente"},"content":{"rendered":"<p><img loading=\"lazy\" class=\"alignnone wp-image-122726\" src=\"https:\/\/rna.ao\/rna.ao\/wp-content\/uploads\/2023\/11\/jlo-rui-carreira.jpg\" alt=\"\" width=\"489\" height=\"280\" \/><\/p>\n<p>Uma TAAG mais ambiciosa com a abertura de mais rotas em \u00c1frica, e em outros continentes, \u00e9 o que pediu o Presidente da Rep\u00fablica ao novo Secretario de Estado para os Sectores da Avia\u00e7\u00e3o Civil, Mar\u00edtimo e Portu\u00e1rio.<\/p>\n<p>Na segunda-feira, 13\/11, durante a cerim\u00f3nia de empossamento de Rui Carreira, o Chefe de Estado Jo\u00e3o Louren\u00e7o pediu ainda particular aten\u00e7\u00e3o a nossa companhia de bandeira nacional. Clique no \u00e1udio abaixo e ou\u00e7a:<\/p>\n\t<div class=\"qtmplayer-playlist-large\">\n\t\t<ul class=\"qtmplayer-playlist\">\n\t\t\t\n\t\t\t\t\t<li class=\"qtmplayer-trackitem\">\n\t\t<img src=\"https:\/\/rna.ao\/rna.ao\/wp-content\/uploads\/2023\/11\/jlo-rui-carreira-100x100.jpg\" alt=\"cover\">\t\t<span \t\t\tdata-qtmplayer-cover=\"https:\/\/rna.ao\/rna.ao\/wp-content\/uploads\/2023\/11\/jlo-rui-carreira.jpg\"\n\t\t\t\t\t\tdata-qtmplayer-file=\"https:\/\/rna.ao\/rna.ao\/wp-content\/uploads\/2023\/11\/JOAO-LOURENCO-1-08HRS.mp3\"\n\t\t\t\t\t\tdata-qtmplayer-title=\"Presidente da Rep\u00fablica desafia a TAAG a abrir novas rotas e servir melhor o continente\"\n\t\t\t\t\t\tdata-qtmplayer-artist=\"Carla\"\n\t\t\t\t\t\tdata-qtmplayer-link=\"https:\/\/rna.ao\/rna.ao\/2023\/11\/14\/presidente-da-republica-desafia-a-taag-a-abrir-novas-rotas-e-servir-melhor-o-continente\/\"\n\t\t\t\t\t\tdata-qtmplayer-icon=\"file_download\"\n\t\t\t\t\t\tdata-qtmplayer-type=\"track\"\n\t\t\t class=\"qtmplayer-play qtmplayer-link-sec qtmplayer-play-btn\"><i class='material-icons'>play_arrow<\/i><\/span>\n\t\t<p>\n\t\t\t<span class=\"qtmplayer-tit\">Presidente da Rep\u00fablica desafia a TAAG a abrir novas rotas e servir melhor o continente<\/span>\n\t\t\t<span class=\"qtmplayer-art\">Carla<\/span>\n\t\t<\/p>\n\t<\/li>\n\t\t<\/ul>\n\t<\/div>\t\t\t\n\t\n<p>Apesar de o Executivo ter encomendado novos avi\u00f5es para a TAAG, o Presidente da Rep\u00fablica advogou a necessidade de recupera\u00e7\u00e3o da frota existente. Clique no \u00e1udio abaixo e ou\u00e7a:<\/p>\n\t<div class=\"qtmplayer-playlist-large\">\n\t\t<ul class=\"qtmplayer-playlist\">\n\t\t\t\n\t\t\t\t\t<li class=\"qtmplayer-trackitem\">\n\t\t<img src=\"https:\/\/rna.ao\/rna.ao\/wp-content\/uploads\/2023\/11\/jlo-rui-carreira-100x100.jpg\" alt=\"cover\">\t\t<span \t\t\tdata-qtmplayer-cover=\"https:\/\/rna.ao\/rna.ao\/wp-content\/uploads\/2023\/11\/jlo-rui-carreira.jpg\"\n\t\t\t\t\t\tdata-qtmplayer-file=\"https:\/\/rna.ao\/rna.ao\/wp-content\/uploads\/2023\/11\/JOAO-LOURENCO-2-08HRS.mp3\"\n\t\t\t\t\t\tdata-qtmplayer-title=\"Presidente da Rep\u00fablica desafia a TAAG a abrir novas rotas e servir melhor o continente\"\n\t\t\t\t\t\tdata-qtmplayer-artist=\"Carla\"\n\t\t\t\t\t\tdata-qtmplayer-link=\"https:\/\/rna.ao\/rna.ao\/2023\/11\/14\/presidente-da-republica-desafia-a-taag-a-abrir-novas-rotas-e-servir-melhor-o-continente\/\"\n\t\t\t\t\t\tdata-qtmplayer-icon=\"file_download\"\n\t\t\t\t\t\tdata-qtmplayer-type=\"track\"\n\t\t\t class=\"qtmplayer-play qtmplayer-link-sec qtmplayer-play-btn\"><i class='material-icons'>play_arrow<\/i><\/span>\n\t\t<p>\n\t\t\t<span class=\"qtmplayer-tit\">Presidente da Rep\u00fablica desafia a TAAG a abrir novas rotas e servir melhor o continente<\/span>\n\t\t\t<span class=\"qtmplayer-art\">Carla<\/span>\n\t\t<\/p>\n\t<\/li>\n\t\t<\/ul>\n\t<\/div>\t\t\t\n\t\n<p>&nbsp;<\/p>\n<p>&nbsp;<\/p>\n","protected":false},"excerpt":{"rendered":"<p>Uma TAAG mais ambiciosa com a abertura de mais rotas em \u00c1frica, e em outros continentes, \u00e9 o que pediu o Presidente da Rep\u00fablica ao novo Secretario de Estado para os Sectores da Avia\u00e7\u00e3o Civil, Mar\u00edtimo e Portu\u00e1rio. Na segunda-feira, 13\/11, durante a cerim\u00f3nia de empossamento de Rui Carreira, o ...<\/p>\n","protected":false},"author":10,"featured_media":122726,"comment_status":"closed","ping_status":"closed","sticky":false,"template":"","format":"standard","meta":[],"categories":[142,121,164,163],"tags":[],"_links":{"self":[{"href":"https:\/\/rna.ao\/rna.ao\/wp-json\/wp\/v2\/posts\/122723"}],"collection":[{"href":"https:\/\/rna.ao\/rna.ao\/wp-json\/wp\/v2\/posts"}],"about":[{"href":"https:\/\/rna.ao\/rna.ao\/wp-json\/wp\/v2\/types\/post"}],"author":[{"embeddable":true,"href":"https:\/\/rna.ao\/rna.ao\/wp-json\/wp\/v2\/users\/10"}],"replies":[{"embeddable":true,"href":"https:\/\/rna.ao\/rna.ao\/wp-json\/wp\/v2\/comments?post=122723"}],"version-history":[{"count":4,"href":"https:\/\/rna.ao\/rna.ao\/wp-json\/wp\/v2\/posts\/122723\/revisions"}],"predecessor-version":[{"id":122775,"href":"https:\/\/rna.ao\/rna.ao\/wp-json\/wp\/v2\/posts\/122723\/revisions\/122775"}],"wp:featuredmedia":[{"embeddable":true,"href":"https:\/\/rna.ao\/rna.ao\/wp-json\/wp\/v2\/media\/122726"}],"wp:attachment":[{"href":"https:\/\/rna.ao\/rna.ao\/wp-json\/wp\/v2\/media?parent=122723"}],"wp:term":[{"taxonomy":"category","embeddable":true,"href":"https:\/\/rna.ao\/rna.ao\/wp-json\/wp\/v2\/categories?post=122723"},{"taxonomy":"post_tag","embeddable":true,"href":"https:\/\/rna.ao\/rna.ao\/wp-json\/wp\/v2\/tags?post=122723"}],"curies":[{"name":"wp","href":"https:\/\/api.w.org\/{rel}","templated":true}]}}