{"id":122707,"date":"2023-11-13T13:30:32","date_gmt":"2023-11-13T12:30:32","guid":{"rendered":"https:\/\/rna.ao\/rna.ao\/?p=122707"},"modified":"2023-11-13T13:30:32","modified_gmt":"2023-11-13T12:30:32","slug":"presidente-da-republica-acredita-novos-embaixadores","status":"publish","type":"post","link":"https:\/\/rna.ao\/rna.ao\/2023\/11\/13\/presidente-da-republica-acredita-novos-embaixadores\/","title":{"rendered":"Presidente da Rep\u00fablica acredita novos embaixadores"},"content":{"rendered":"<p><img loading=\"lazy\" class=\"alignnone size-full wp-image-122709\" src=\"https:\/\/rna.ao\/rna.ao\/wp-content\/uploads\/2023\/11\/acredita-novos-embaixadores.jpg\" alt=\"\" width=\"620\" height=\"348\" \/><\/p>\n<p style=\"font-weight: 400;\">O Presidente da rep\u00fablica vai copresidir a reuni\u00e3o do FIDA, que vai decorrer em Fran\u00e7a j\u00e1 no pr\u00f3ximo m\u00eas de dezembro.<\/p>\n<p style=\"font-weight: 400;\">A confirma\u00e7\u00e3o foi feita\u00a0 hoje\u00a0 no pal\u00e1cio presidencial da cidade alta pela nova embaixadora francesa no nosso pa\u00eds.<\/p>\n<p style=\"font-weight: 400;\">A nova diplomata fez parte de um conjunto de embaixadores acreditados hoje pelo Presidente Jo\u00e3o Louren\u00e7o. Jornalista Carolina Barradas. Clique no \u00e1udio abaixo e ou\u00e7a:<\/p>\n\t<div class=\"qtmplayer-playlist-large\">\n\t\t<ul class=\"qtmplayer-playlist\">\n\t\t\t\n\t\t\t\t\t<li class=\"qtmplayer-trackitem\">\n\t\t<img src=\"https:\/\/rna.ao\/rna.ao\/wp-content\/uploads\/2023\/11\/acredita-novos-embaixadores-100x100.jpg\" alt=\"cover\">\t\t<span \t\t\tdata-qtmplayer-cover=\"https:\/\/rna.ao\/rna.ao\/wp-content\/uploads\/2023\/11\/acredita-novos-embaixadores.jpg\"\n\t\t\t\t\t\tdata-qtmplayer-file=\"https:\/\/rna.ao\/rna.ao\/wp-content\/uploads\/2023\/11\/CAROLINA-BARRADAS-PALACIO-13HRS.mp3\"\n\t\t\t\t\t\tdata-qtmplayer-title=\"Presidente da Rep\u00fablica acredita novos embaixadores\"\n\t\t\t\t\t\tdata-qtmplayer-artist=\"Carla\"\n\t\t\t\t\t\tdata-qtmplayer-link=\"https:\/\/rna.ao\/rna.ao\/2023\/11\/13\/presidente-da-republica-acredita-novos-embaixadores\/\"\n\t\t\t\t\t\tdata-qtmplayer-icon=\"file_download\"\n\t\t\t\t\t\tdata-qtmplayer-type=\"track\"\n\t\t\t class=\"qtmplayer-play qtmplayer-link-sec qtmplayer-play-btn\"><i class='material-icons'>play_arrow<\/i><\/span>\n\t\t<p>\n\t\t\t<span class=\"qtmplayer-tit\">Presidente da Rep\u00fablica acredita novos embaixadores<\/span>\n\t\t\t<span class=\"qtmplayer-art\">Carla<\/span>\n\t\t<\/p>\n\t<\/li>\n\t\t<\/ul>\n\t<\/div>\t\t\t\n\t\n<p style=\"font-weight: 400;\">\n<p>&nbsp;<\/p>\n","protected":false},"excerpt":{"rendered":"<p>O Presidente da rep\u00fablica vai copresidir a reuni\u00e3o do FIDA, que vai decorrer em Fran\u00e7a j\u00e1 no pr\u00f3ximo m\u00eas de dezembro. A confirma\u00e7\u00e3o foi feita\u00a0 hoje\u00a0 no pal\u00e1cio presidencial da cidade alta pela nova embaixadora francesa no nosso pa\u00eds. A nova diplomata fez parte de um conjunto de embaixadores acreditados ...<\/p>\n","protected":false},"author":10,"featured_media":122709,"comment_status":"closed","ping_status":"closed","sticky":false,"template":"","format":"standard","meta":[],"categories":[142,121,163],"tags":[],"_links":{"self":[{"href":"https:\/\/rna.ao\/rna.ao\/wp-json\/wp\/v2\/posts\/122707"}],"collection":[{"href":"https:\/\/rna.ao\/rna.ao\/wp-json\/wp\/v2\/posts"}],"about":[{"href":"https:\/\/rna.ao\/rna.ao\/wp-json\/wp\/v2\/types\/post"}],"author":[{"embeddable":true,"href":"https:\/\/rna.ao\/rna.ao\/wp-json\/wp\/v2\/users\/10"}],"replies":[{"embeddable":true,"href":"https:\/\/rna.ao\/rna.ao\/wp-json\/wp\/v2\/comments?post=122707"}],"version-history":[{"count":1,"href":"https:\/\/rna.ao\/rna.ao\/wp-json\/wp\/v2\/posts\/122707\/revisions"}],"predecessor-version":[{"id":122710,"href":"https:\/\/rna.ao\/rna.ao\/wp-json\/wp\/v2\/posts\/122707\/revisions\/122710"}],"wp:featuredmedia":[{"embeddable":true,"href":"https:\/\/rna.ao\/rna.ao\/wp-json\/wp\/v2\/media\/122709"}],"wp:attachment":[{"href":"https:\/\/rna.ao\/rna.ao\/wp-json\/wp\/v2\/media?parent=122707"}],"wp:term":[{"taxonomy":"category","embeddable":true,"href":"https:\/\/rna.ao\/rna.ao\/wp-json\/wp\/v2\/categories?post=122707"},{"taxonomy":"post_tag","embeddable":true,"href":"https:\/\/rna.ao\/rna.ao\/wp-json\/wp\/v2\/tags?post=122707"}],"curies":[{"name":"wp","href":"https:\/\/api.w.org\/{rel}","templated":true}]}}