{"id":122704,"date":"2023-11-13T13:24:00","date_gmt":"2023-11-13T12:24:00","guid":{"rendered":"https:\/\/rna.ao\/rna.ao\/?p=122704"},"modified":"2023-11-13T13:24:00","modified_gmt":"2023-11-13T12:24:00","slug":"instituicoes-publicas-estao-obrigadas-a-comprar-producao-nacional-a-partir-de-2024","status":"publish","type":"post","link":"https:\/\/rna.ao\/rna.ao\/2023\/11\/13\/instituicoes-publicas-estao-obrigadas-a-comprar-producao-nacional-a-partir-de-2024\/","title":{"rendered":"\u00a0Institui\u00e7\u00f5es p\u00fablicas est\u00e3o obrigadas a comprar produ\u00e7\u00e3o nacional a partir de 2024\u00a0"},"content":{"rendered":"<p><img loading=\"lazy\" class=\"alignnone size-full wp-image-117503\" src=\"https:\/\/rna.ao\/rna.ao\/wp-content\/uploads\/2023\/09\/Jose-de-Lima-Massano-1.jpg\" alt=\"\" width=\"286\" height=\"211\" \/><\/p>\n<p>As institui\u00e7\u00f5es publicas angolanas est\u00e3o obrigadas a comprar produtos e servi\u00e7os nacionais a partir do pr\u00f3ximo ano.<\/p>\n<p>A decis\u00e3o \u00e9 do executivo que quer com isso, estimular e aumentar a produ\u00e7\u00e3o interna nacional. Os \u00f3rg\u00e3os de defesa e seguran\u00e7a s\u00e3o os primeiros a serem chamados a assumirem este desafio. Jornal Lista Rom\u00e3o Ferreira. Clique no \u00e1udio abaixo e ou\u00e7a:<\/p>\n\t<div class=\"qtmplayer-playlist-large\">\n\t\t<ul class=\"qtmplayer-playlist\">\n\t\t\t\n\t\t\t\t\t<li class=\"qtmplayer-trackitem\">\n\t\t<img src=\"https:\/\/rna.ao\/rna.ao\/wp-content\/uploads\/2023\/09\/Jose-de-Lima-Massano-100x100.jpg\" alt=\"cover\">\t\t<span \t\t\tdata-qtmplayer-cover=\"https:\/\/rna.ao\/rna.ao\/wp-content\/uploads\/2023\/09\/Jose-de-Lima-Massano-370x370.jpg\"\n\t\t\t\t\t\tdata-qtmplayer-file=\"https:\/\/rna.ao\/rna.ao\/wp-content\/uploads\/2023\/11\/ROMAO-FERREIRA-13-HRS-1.mp3\"\n\t\t\t\t\t\tdata-qtmplayer-title=\"\u00a0Institui\u00e7\u00f5es p\u00fablicas est\u00e3o obrigadas a comprar produ\u00e7\u00e3o nacional a partir de 2024\u00a0\"\n\t\t\t\t\t\tdata-qtmplayer-artist=\"Carla\"\n\t\t\t\t\t\tdata-qtmplayer-link=\"https:\/\/rna.ao\/rna.ao\/2023\/11\/13\/instituicoes-publicas-estao-obrigadas-a-comprar-producao-nacional-a-partir-de-2024\/\"\n\t\t\t\t\t\tdata-qtmplayer-icon=\"file_download\"\n\t\t\t\t\t\tdata-qtmplayer-type=\"track\"\n\t\t\t class=\"qtmplayer-play qtmplayer-link-sec qtmplayer-play-btn\"><i class='material-icons'>play_arrow<\/i><\/span>\n\t\t<p>\n\t\t\t<span class=\"qtmplayer-tit\">\u00a0Institui\u00e7\u00f5es p\u00fablicas est\u00e3o obrigadas a comprar produ\u00e7\u00e3o nacional a partir de 2024\u00a0<\/span>\n\t\t\t<span class=\"qtmplayer-art\">Carla<\/span>\n\t\t<\/p>\n\t<\/li>\n\t\t<\/ul>\n\t<\/div>\t\t\t\n\t\n","protected":false},"excerpt":{"rendered":"<p>As institui\u00e7\u00f5es publicas angolanas est\u00e3o obrigadas a comprar produtos e servi\u00e7os nacionais a partir do pr\u00f3ximo ano. A decis\u00e3o \u00e9 do executivo que quer com isso, estimular e aumentar a produ\u00e7\u00e3o interna nacional. Os \u00f3rg\u00e3os de defesa e seguran\u00e7a s\u00e3o os primeiros a serem chamados a assumirem este desafio. Jornal ...<\/p>\n","protected":false},"author":10,"featured_media":117502,"comment_status":"closed","ping_status":"closed","sticky":false,"template":"","format":"standard","meta":[],"categories":[142,121,163],"tags":[],"_links":{"self":[{"href":"https:\/\/rna.ao\/rna.ao\/wp-json\/wp\/v2\/posts\/122704"}],"collection":[{"href":"https:\/\/rna.ao\/rna.ao\/wp-json\/wp\/v2\/posts"}],"about":[{"href":"https:\/\/rna.ao\/rna.ao\/wp-json\/wp\/v2\/types\/post"}],"author":[{"embeddable":true,"href":"https:\/\/rna.ao\/rna.ao\/wp-json\/wp\/v2\/users\/10"}],"replies":[{"embeddable":true,"href":"https:\/\/rna.ao\/rna.ao\/wp-json\/wp\/v2\/comments?post=122704"}],"version-history":[{"count":1,"href":"https:\/\/rna.ao\/rna.ao\/wp-json\/wp\/v2\/posts\/122704\/revisions"}],"predecessor-version":[{"id":122706,"href":"https:\/\/rna.ao\/rna.ao\/wp-json\/wp\/v2\/posts\/122704\/revisions\/122706"}],"wp:featuredmedia":[{"embeddable":true,"href":"https:\/\/rna.ao\/rna.ao\/wp-json\/wp\/v2\/media\/117502"}],"wp:attachment":[{"href":"https:\/\/rna.ao\/rna.ao\/wp-json\/wp\/v2\/media?parent=122704"}],"wp:term":[{"taxonomy":"category","embeddable":true,"href":"https:\/\/rna.ao\/rna.ao\/wp-json\/wp\/v2\/categories?post=122704"},{"taxonomy":"post_tag","embeddable":true,"href":"https:\/\/rna.ao\/rna.ao\/wp-json\/wp\/v2\/tags?post=122704"}],"curies":[{"name":"wp","href":"https:\/\/api.w.org\/{rel}","templated":true}]}}