{"id":122699,"date":"2023-11-13T12:15:45","date_gmt":"2023-11-13T11:15:45","guid":{"rendered":"https:\/\/rna.ao\/rna.ao\/?p=122699"},"modified":"2023-11-13T12:15:45","modified_gmt":"2023-11-13T11:15:45","slug":"governo-propoe-reducao-do-iva-ate-5-para-alguns-produtos-amplo-consumo-contrariamente-a-proposta-inicial-que-era-de-7-ministra-das-financas-diz-que-iva-abaixo-de-zero-e-inviavel","status":"publish","type":"post","link":"https:\/\/rna.ao\/rna.ao\/2023\/11\/13\/governo-propoe-reducao-do-iva-ate-5-para-alguns-produtos-amplo-consumo-contrariamente-a-proposta-inicial-que-era-de-7-ministra-das-financas-diz-que-iva-abaixo-de-zero-e-inviavel\/","title":{"rendered":"Governo prop\u00f5e redu\u00e7\u00e3o do IVA at\u00e9 5% para alguns produtos amplo consumo contrariamente a proposta inicial que era de 7% : Ministra das Finan\u00e7as diz que IVA abaixo de zero e invi\u00e1vel"},"content":{"rendered":"<p><img loading=\"lazy\" class=\"alignnone size-full wp-image-112036\" src=\"https:\/\/rna.ao\/rna.ao\/wp-content\/uploads\/2023\/08\/Vera-Daves-de-Sousa-1.jpg\" alt=\"\" width=\"292\" height=\"168\" \/><\/p>\n<p style=\"font-weight: 400;\">O governo prop\u00f5e uma redu\u00e7\u00e3o do IVA na ordem do cinco por cento para alguns produtos de amplo consumo.<\/p>\n<p style=\"font-weight: 400;\">Recordo que a proposta inicial era de sete por cento.<\/p>\n<p style=\"font-weight: 400;\">Durante os debates na especialidade sobre a redu\u00e7\u00e3o do IVA, a ministra das finan\u00e7as Vera Daves de Sousa anunciou que a proposta recai para um conjunto de produtos, entre eles carnes, peixes, leite, \u00f3leo, a\u00e7\u00facar e produtos hort\u00edcolas. Clique no \u00e1udio abaixo e ou\u00e7a:<\/p>\n\t<div class=\"qtmplayer-playlist-large\">\n\t\t<ul class=\"qtmplayer-playlist\">\n\t\t\t\n\t\t\t\t\t<li class=\"qtmplayer-trackitem\">\n\t\t<img src=\"https:\/\/rna.ao\/rna.ao\/wp-content\/uploads\/2023\/08\/Vera-Daves-de-Sousa-1-100x100.jpg\" alt=\"cover\">\t\t<span \t\t\tdata-qtmplayer-cover=\"https:\/\/rna.ao\/rna.ao\/wp-content\/uploads\/2023\/08\/Vera-Daves-de-Sousa-1.jpg\"\n\t\t\t\t\t\tdata-qtmplayer-file=\"https:\/\/rna.ao\/rna.ao\/wp-content\/uploads\/2023\/11\/VERDA-DAVES-DE-SOUSA-1-13-HRS.mp3\"\n\t\t\t\t\t\tdata-qtmplayer-title=\"Governo prop\u00f5e redu\u00e7\u00e3o do IVA at\u00e9 5% para alguns produtos amplo consumo contrariamente a proposta inicial que era de 7% : Ministra das Finan\u00e7as diz que IVA abaixo de zero e invi\u00e1vel\"\n\t\t\t\t\t\tdata-qtmplayer-artist=\"Carla\"\n\t\t\t\t\t\tdata-qtmplayer-link=\"https:\/\/rna.ao\/rna.ao\/2023\/11\/13\/governo-propoe-reducao-do-iva-ate-5-para-alguns-produtos-amplo-consumo-contrariamente-a-proposta-inicial-que-era-de-7-ministra-das-financas-diz-que-iva-abaixo-de-zero-e-inviavel\/\"\n\t\t\t\t\t\tdata-qtmplayer-icon=\"file_download\"\n\t\t\t\t\t\tdata-qtmplayer-type=\"track\"\n\t\t\t class=\"qtmplayer-play qtmplayer-link-sec qtmplayer-play-btn\"><i class='material-icons'>play_arrow<\/i><\/span>\n\t\t<p>\n\t\t\t<span class=\"qtmplayer-tit\">Governo prop\u00f5e redu\u00e7\u00e3o do IVA at\u00e9 5% para alguns produtos amplo consumo contrariamente a proposta inicial que era de 7% : Ministra das Finan\u00e7as diz que IVA abaixo de zero e invi\u00e1vel<\/span>\n\t\t\t<span class=\"qtmplayer-art\">Carla<\/span>\n\t\t<\/p>\n\t<\/li>\n\t\t<\/ul>\n\t<\/div>\t\t\t\n\t\n<p>&nbsp;<\/p>\n<p style=\"font-weight: 400;\">Vera Daves de Sousa revelou tamb\u00e9m que um IVA abaixo de zero, como muitos preconizam, \u00e9 invi\u00e1vel, pois o efeito final \u00e9 o aumento do pre\u00e7o dos produtos e n\u00e3o a sua redu\u00e7\u00e3o e justifica porqu\u00ea. Clique no \u00e1udio abaixo e ou\u00e7a:<\/p>\n\t<div class=\"qtmplayer-playlist-large\">\n\t\t<ul class=\"qtmplayer-playlist\">\n\t\t\t\n\t\t\t\t\t<li class=\"qtmplayer-trackitem\">\n\t\t<img src=\"https:\/\/rna.ao\/rna.ao\/wp-content\/uploads\/2023\/08\/Vera-Daves-de-Sousa-1-100x100.jpg\" alt=\"cover\">\t\t<span \t\t\tdata-qtmplayer-cover=\"https:\/\/rna.ao\/rna.ao\/wp-content\/uploads\/2023\/08\/Vera-Daves-de-Sousa-1.jpg\"\n\t\t\t\t\t\tdata-qtmplayer-file=\"https:\/\/rna.ao\/rna.ao\/wp-content\/uploads\/2023\/11\/VERA-DAVES-DE-SOUSA-2-13HRS.mp3\"\n\t\t\t\t\t\tdata-qtmplayer-title=\"Governo prop\u00f5e redu\u00e7\u00e3o do IVA at\u00e9 5% para alguns produtos amplo consumo contrariamente a proposta inicial que era de 7% : Ministra das Finan\u00e7as diz que IVA abaixo de zero e invi\u00e1vel\"\n\t\t\t\t\t\tdata-qtmplayer-artist=\"Carla\"\n\t\t\t\t\t\tdata-qtmplayer-link=\"https:\/\/rna.ao\/rna.ao\/2023\/11\/13\/governo-propoe-reducao-do-iva-ate-5-para-alguns-produtos-amplo-consumo-contrariamente-a-proposta-inicial-que-era-de-7-ministra-das-financas-diz-que-iva-abaixo-de-zero-e-inviavel\/\"\n\t\t\t\t\t\tdata-qtmplayer-icon=\"file_download\"\n\t\t\t\t\t\tdata-qtmplayer-type=\"track\"\n\t\t\t class=\"qtmplayer-play qtmplayer-link-sec qtmplayer-play-btn\"><i class='material-icons'>play_arrow<\/i><\/span>\n\t\t<p>\n\t\t\t<span class=\"qtmplayer-tit\">Governo prop\u00f5e redu\u00e7\u00e3o do IVA at\u00e9 5% para alguns produtos amplo consumo contrariamente a proposta inicial que era de 7% : Ministra das Finan\u00e7as diz que IVA abaixo de zero e invi\u00e1vel<\/span>\n\t\t\t<span class=\"qtmplayer-art\">Carla<\/span>\n\t\t<\/p>\n\t<\/li>\n\t\t<\/ul>\n\t<\/div>\t\t\t\n\t\n<p style=\"font-weight: 400;\">\n<p style=\"font-weight: 400;\">\n","protected":false},"excerpt":{"rendered":"<p>O governo prop\u00f5e uma redu\u00e7\u00e3o do IVA na ordem do cinco por cento para alguns produtos de amplo consumo. Recordo que a proposta inicial era de sete por cento. Durante os debates na especialidade sobre a redu\u00e7\u00e3o do IVA, a ministra das finan\u00e7as Vera Daves de Sousa anunciou que a ...<\/p>\n","protected":false},"author":10,"featured_media":112036,"comment_status":"closed","ping_status":"closed","sticky":false,"template":"","format":"standard","meta":[],"categories":[142,121,163],"tags":[],"_links":{"self":[{"href":"https:\/\/rna.ao\/rna.ao\/wp-json\/wp\/v2\/posts\/122699"}],"collection":[{"href":"https:\/\/rna.ao\/rna.ao\/wp-json\/wp\/v2\/posts"}],"about":[{"href":"https:\/\/rna.ao\/rna.ao\/wp-json\/wp\/v2\/types\/post"}],"author":[{"embeddable":true,"href":"https:\/\/rna.ao\/rna.ao\/wp-json\/wp\/v2\/users\/10"}],"replies":[{"embeddable":true,"href":"https:\/\/rna.ao\/rna.ao\/wp-json\/wp\/v2\/comments?post=122699"}],"version-history":[{"count":1,"href":"https:\/\/rna.ao\/rna.ao\/wp-json\/wp\/v2\/posts\/122699\/revisions"}],"predecessor-version":[{"id":122702,"href":"https:\/\/rna.ao\/rna.ao\/wp-json\/wp\/v2\/posts\/122699\/revisions\/122702"}],"wp:featuredmedia":[{"embeddable":true,"href":"https:\/\/rna.ao\/rna.ao\/wp-json\/wp\/v2\/media\/112036"}],"wp:attachment":[{"href":"https:\/\/rna.ao\/rna.ao\/wp-json\/wp\/v2\/media?parent=122699"}],"wp:term":[{"taxonomy":"category","embeddable":true,"href":"https:\/\/rna.ao\/rna.ao\/wp-json\/wp\/v2\/categories?post=122699"},{"taxonomy":"post_tag","embeddable":true,"href":"https:\/\/rna.ao\/rna.ao\/wp-json\/wp\/v2\/tags?post=122699"}],"curies":[{"name":"wp","href":"https:\/\/api.w.org\/{rel}","templated":true}]}}