{"id":122660,"date":"2023-11-13T09:07:23","date_gmt":"2023-11-13T08:07:23","guid":{"rendered":"https:\/\/rna.ao\/rna.ao\/?p=122660"},"modified":"2023-11-14T01:48:49","modified_gmt":"2023-11-14T00:48:49","slug":"cooperacao-economica-e-ambiente-de-negocios-dominam-a-segunda-edicao-do-forum-economico-angola-rdc-que-arranca-hoje-aqui-em-luanda","status":"publish","type":"post","link":"https:\/\/rna.ao\/rna.ao\/2023\/11\/13\/cooperacao-economica-e-ambiente-de-negocios-dominam-a-segunda-edicao-do-forum-economico-angola-rdc-que-arranca-hoje-aqui-em-luanda\/","title":{"rendered":"Coopera\u00e7\u00e3o econ\u00f3mica e ambiente de neg\u00f3cios dominam a segunda edi\u00e7\u00e3o do F\u00f3rum Economico Angola\\ RDC que arranca hoje aqui em Luanda"},"content":{"rendered":"<p><img loading=\"lazy\" class=\"alignnone  wp-image-107900\" src=\"https:\/\/rna.ao\/rna.ao\/wp-content\/uploads\/2023\/07\/Luanda-Marginal-foto-1.jpg\" alt=\"\" width=\"333\" height=\"192\" \/><\/p>\n<p style=\"font-weight: 400;\">Homens de neg\u00f3cios de Angola e da RDC come\u00e7am a definir hoje aqui em Luanda , uma nova fase de trocas comerciais entre os dois pa\u00edses.<\/p>\n<p style=\"font-weight: 400;\">A coopera\u00e7\u00e3o econ\u00f3mica, mobilidade,\u00a0 seguran\u00e7a fronteiri\u00e7a e ambiente de neg\u00f3cios , v\u00e3o dominar a segunda edi\u00e7\u00e3o do f\u00f3rum que vai olhar tamb\u00e9m no potencial que a zona econ\u00f3mica especial Luanda\/Bengo, oferece.<\/p>\n<p>O Ministro da Economia e Planeamento , M\u00e1rio Caetano Jo\u00e3o, diz que Angola e a RDC precisam ainda trabalhar para remover algumas barreiras que impactam negativamente nas trocas comerciais entre os dois pa\u00edses . Clique no \u00e1udio abaixo e ou\u00e7a:<\/p>\n\t<div class=\"qtmplayer-playlist-large\">\n\t\t<ul class=\"qtmplayer-playlist\">\n\t\t\t\n\t\t\t\t\t<li class=\"qtmplayer-trackitem\">\n\t\t<img src=\"https:\/\/rna.ao\/rna.ao\/wp-content\/uploads\/2023\/04\/luanda-100x100.jpg\" alt=\"cover\">\t\t<span \t\t\tdata-qtmplayer-cover=\"https:\/\/rna.ao\/rna.ao\/wp-content\/uploads\/2023\/04\/luanda.jpg\"\n\t\t\t\t\t\tdata-qtmplayer-file=\"https:\/\/rna.ao\/rna.ao\/wp-content\/uploads\/2023\/11\/MARIO-CAETANO-JOAOA-1-08HRS.mp3\"\n\t\t\t\t\t\tdata-qtmplayer-title=\"Coopera\u00e7\u00e3o econ\u00f3mica e ambiente de neg\u00f3cios dominam a segunda edi\u00e7\u00e3o do F\u00f3rum Economico Angola\\ RDC que arranca hoje aqui em Luanda\"\n\t\t\t\t\t\tdata-qtmplayer-artist=\"Carla\"\n\t\t\t\t\t\tdata-qtmplayer-link=\"https:\/\/rna.ao\/rna.ao\/2023\/11\/13\/cooperacao-economica-e-ambiente-de-negocios-dominam-a-segunda-edicao-do-forum-economico-angola-rdc-que-arranca-hoje-aqui-em-luanda\/\"\n\t\t\t\t\t\tdata-qtmplayer-icon=\"file_download\"\n\t\t\t\t\t\tdata-qtmplayer-type=\"track\"\n\t\t\t class=\"qtmplayer-play qtmplayer-link-sec qtmplayer-play-btn\"><i class='material-icons'>play_arrow<\/i><\/span>\n\t\t<p>\n\t\t\t<span class=\"qtmplayer-tit\">Coopera\u00e7\u00e3o econ\u00f3mica e ambiente de neg\u00f3cios dominam a segunda edi\u00e7\u00e3o do F\u00f3rum Economico Angola\\ RDC que arranca hoje aqui em Luanda<\/span>\n\t\t\t<span class=\"qtmplayer-art\">Carla<\/span>\n\t\t<\/p>\n\t<\/li>\n\t\t<\/ul>\n\t<\/div>\t\t\t\n\t\n<p>M\u00e1rio Caetano Jo\u00e3o destacou ainda o papel que o corredor econ\u00f3mico do Lobito, poder\u00e1 ter no aumento das trocas comerciais entre Angola e a RDC . Clique no \u00e1udio abaixo e ou\u00e7a;<\/p>\n\t<div class=\"qtmplayer-playlist-large\">\n\t\t<ul class=\"qtmplayer-playlist\">\n\t\t\t\n\t\t\t\t\t<li class=\"qtmplayer-trackitem\">\n\t\t<img src=\"https:\/\/rna.ao\/rna.ao\/wp-content\/uploads\/2023\/04\/luanda-100x100.jpg\" alt=\"cover\">\t\t<span \t\t\tdata-qtmplayer-cover=\"https:\/\/rna.ao\/rna.ao\/wp-content\/uploads\/2023\/04\/luanda.jpg\"\n\t\t\t\t\t\tdata-qtmplayer-file=\"https:\/\/rna.ao\/rna.ao\/wp-content\/uploads\/2023\/11\/MARIO-CAETANO-JOAOA-2-08HRS.mp3\"\n\t\t\t\t\t\tdata-qtmplayer-title=\"Coopera\u00e7\u00e3o econ\u00f3mica e ambiente de neg\u00f3cios dominam a segunda edi\u00e7\u00e3o do F\u00f3rum Economico Angola\\ RDC que arranca hoje aqui em Luanda\"\n\t\t\t\t\t\tdata-qtmplayer-artist=\"Carla\"\n\t\t\t\t\t\tdata-qtmplayer-link=\"https:\/\/rna.ao\/rna.ao\/2023\/11\/13\/cooperacao-economica-e-ambiente-de-negocios-dominam-a-segunda-edicao-do-forum-economico-angola-rdc-que-arranca-hoje-aqui-em-luanda\/\"\n\t\t\t\t\t\tdata-qtmplayer-icon=\"file_download\"\n\t\t\t\t\t\tdata-qtmplayer-type=\"track\"\n\t\t\t class=\"qtmplayer-play qtmplayer-link-sec qtmplayer-play-btn\"><i class='material-icons'>play_arrow<\/i><\/span>\n\t\t<p>\n\t\t\t<span class=\"qtmplayer-tit\">Coopera\u00e7\u00e3o econ\u00f3mica e ambiente de neg\u00f3cios dominam a segunda edi\u00e7\u00e3o do F\u00f3rum Economico Angola\\ RDC que arranca hoje aqui em Luanda<\/span>\n\t\t\t<span class=\"qtmplayer-art\">Carla<\/span>\n\t\t<\/p>\n\t<\/li>\n\t\t<\/ul>\n\t<\/div>\t\t\t\n\t\n<p>&nbsp;<\/p>\n","protected":false},"excerpt":{"rendered":"<p>Homens de neg\u00f3cios de Angola e da RDC come\u00e7am a definir hoje aqui em Luanda , uma nova fase de trocas comerciais entre os dois pa\u00edses. A coopera\u00e7\u00e3o econ\u00f3mica, mobilidade,\u00a0 seguran\u00e7a fronteiri\u00e7a e ambiente de neg\u00f3cios , v\u00e3o dominar a segunda edi\u00e7\u00e3o do f\u00f3rum que vai olhar tamb\u00e9m no potencial ...<\/p>\n","protected":false},"author":10,"featured_media":99349,"comment_status":"closed","ping_status":"closed","sticky":false,"template":"","format":"standard","meta":[],"categories":[142,121,164,163],"tags":[],"_links":{"self":[{"href":"https:\/\/rna.ao\/rna.ao\/wp-json\/wp\/v2\/posts\/122660"}],"collection":[{"href":"https:\/\/rna.ao\/rna.ao\/wp-json\/wp\/v2\/posts"}],"about":[{"href":"https:\/\/rna.ao\/rna.ao\/wp-json\/wp\/v2\/types\/post"}],"author":[{"embeddable":true,"href":"https:\/\/rna.ao\/rna.ao\/wp-json\/wp\/v2\/users\/10"}],"replies":[{"embeddable":true,"href":"https:\/\/rna.ao\/rna.ao\/wp-json\/wp\/v2\/comments?post=122660"}],"version-history":[{"count":1,"href":"https:\/\/rna.ao\/rna.ao\/wp-json\/wp\/v2\/posts\/122660\/revisions"}],"predecessor-version":[{"id":122664,"href":"https:\/\/rna.ao\/rna.ao\/wp-json\/wp\/v2\/posts\/122660\/revisions\/122664"}],"wp:featuredmedia":[{"embeddable":true,"href":"https:\/\/rna.ao\/rna.ao\/wp-json\/wp\/v2\/media\/99349"}],"wp:attachment":[{"href":"https:\/\/rna.ao\/rna.ao\/wp-json\/wp\/v2\/media?parent=122660"}],"wp:term":[{"taxonomy":"category","embeddable":true,"href":"https:\/\/rna.ao\/rna.ao\/wp-json\/wp\/v2\/categories?post=122660"},{"taxonomy":"post_tag","embeddable":true,"href":"https:\/\/rna.ao\/rna.ao\/wp-json\/wp\/v2\/tags?post=122660"}],"curies":[{"name":"wp","href":"https:\/\/api.w.org\/{rel}","templated":true}]}}