{"id":122643,"date":"2023-11-13T07:14:24","date_gmt":"2023-11-13T06:14:24","guid":{"rendered":"https:\/\/rna.ao\/rna.ao\/?p=122643"},"modified":"2023-11-13T07:14:24","modified_gmt":"2023-11-13T06:14:24","slug":"benfica-vence-classico-da-segunda-circular","status":"publish","type":"post","link":"https:\/\/rna.ao\/rna.ao\/2023\/11\/13\/benfica-vence-classico-da-segunda-circular\/","title":{"rendered":"Benfica vence cl\u00e1ssico da segunda circular"},"content":{"rendered":"<p><strong><img loading=\"lazy\" class=\"size-medium wp-image-122644 aligncenter\" src=\"https:\/\/rna.ao\/rna.ao\/wp-content\/uploads\/2023\/11\/Benfica-vence-Sporting-770x434.jpg\" alt=\"\" width=\"770\" height=\"434\" srcset=\"https:\/\/rna.ao\/rna.ao\/wp-content\/uploads\/2023\/11\/Benfica-vence-Sporting-770x434.jpg 770w, https:\/\/rna.ao\/rna.ao\/wp-content\/uploads\/2023\/11\/Benfica-vence-Sporting-1170x660.jpg 1170w, https:\/\/rna.ao\/rna.ao\/wp-content\/uploads\/2023\/11\/Benfica-vence-Sporting-768x433.jpg 768w, https:\/\/rna.ao\/rna.ao\/wp-content\/uploads\/2023\/11\/Benfica-vence-Sporting-1536x866.jpg 1536w, https:\/\/rna.ao\/rna.ao\/wp-content\/uploads\/2023\/11\/Benfica-vence-Sporting-2048x1155.jpg 2048w\" sizes=\"(max-width: 770px) 100vw, 770px\" \/>Dois golos do Benfica, aos 90+4 e 90+6 minutos, o \u00faltimo dos quais precisou de tempo e de r\u00e9gua e esquadro do VAR para o validar por quatro min\u00fasculos cent\u00edmetros, deram a vit\u00f3ria ao Benfica num d\u00e9rbi digno.<\/strong><\/p>\n<p><strong>Nesta jornada-11, destaque tamb\u00e9m para o triunfo do FC do Porto, sobre o Vict\u00f3ria de Guimar\u00e3es, por 2-1 e do Sporting de Braga, diante do Arouca, por 1-0.<\/strong><strong>\u00a0<\/strong><\/p>\n<p><strong>Na classifica\u00e7\u00e3o, Benfica e Sporting partilham a lideran\u00e7a com 28 pontos cada, seguido pelo Porto com 25, Braga \u00e9 quarto com 23 pontos.<\/strong><\/p>\n","protected":false},"excerpt":{"rendered":"<p>Dois golos do Benfica, aos 90+4 e 90+6 minutos, o \u00faltimo dos quais precisou de tempo e de r\u00e9gua e esquadro do VAR para o validar por quatro min\u00fasculos cent\u00edmetros, deram a vit\u00f3ria ao Benfica num d\u00e9rbi digno. Nesta jornada-11, destaque tamb\u00e9m para o triunfo do FC do Porto, sobre ...<\/p>\n","protected":false},"author":8,"featured_media":122645,"comment_status":"closed","ping_status":"closed","sticky":false,"template":"","format":"standard","meta":[],"categories":[145,125,164],"tags":[],"_links":{"self":[{"href":"https:\/\/rna.ao\/rna.ao\/wp-json\/wp\/v2\/posts\/122643"}],"collection":[{"href":"https:\/\/rna.ao\/rna.ao\/wp-json\/wp\/v2\/posts"}],"about":[{"href":"https:\/\/rna.ao\/rna.ao\/wp-json\/wp\/v2\/types\/post"}],"author":[{"embeddable":true,"href":"https:\/\/rna.ao\/rna.ao\/wp-json\/wp\/v2\/users\/8"}],"replies":[{"embeddable":true,"href":"https:\/\/rna.ao\/rna.ao\/wp-json\/wp\/v2\/comments?post=122643"}],"version-history":[{"count":1,"href":"https:\/\/rna.ao\/rna.ao\/wp-json\/wp\/v2\/posts\/122643\/revisions"}],"predecessor-version":[{"id":122646,"href":"https:\/\/rna.ao\/rna.ao\/wp-json\/wp\/v2\/posts\/122643\/revisions\/122646"}],"wp:featuredmedia":[{"embeddable":true,"href":"https:\/\/rna.ao\/rna.ao\/wp-json\/wp\/v2\/media\/122645"}],"wp:attachment":[{"href":"https:\/\/rna.ao\/rna.ao\/wp-json\/wp\/v2\/media?parent=122643"}],"wp:term":[{"taxonomy":"category","embeddable":true,"href":"https:\/\/rna.ao\/rna.ao\/wp-json\/wp\/v2\/categories?post=122643"},{"taxonomy":"post_tag","embeddable":true,"href":"https:\/\/rna.ao\/rna.ao\/wp-json\/wp\/v2\/tags?post=122643"}],"curies":[{"name":"wp","href":"https:\/\/api.w.org\/{rel}","templated":true}]}}