{"id":122642,"date":"2023-11-13T07:23:35","date_gmt":"2023-11-13T06:23:35","guid":{"rendered":"https:\/\/rna.ao\/rna.ao\/?p=122642"},"modified":"2023-11-13T07:23:35","modified_gmt":"2023-11-13T06:23:35","slug":"perolas-africanas-ja-se-ambientam-aos-ares-de-budapeste","status":"publish","type":"post","link":"https:\/\/rna.ao\/rna.ao\/2023\/11\/13\/perolas-africanas-ja-se-ambientam-aos-ares-de-budapeste\/","title":{"rendered":"P\u00e9rolas africanas j\u00e1 se ambientam aos ares de Budapeste"},"content":{"rendered":"<p><strong><img loading=\"lazy\" class=\"size-full wp-image-120570 aligncenter\" src=\"https:\/\/rna.ao\/rna.ao\/wp-content\/uploads\/2023\/10\/seleccao-feminina-de-Andebol.jpg\" alt=\"\" width=\"620\" height=\"355\" \/>A Selec\u00e7\u00e3o Nacional s\u00e9nior feminina de andebol j\u00e1 respira os ares de Budapeste, capital da Hungria, onde vai consolidar o apronto para o 26\u00ba Campeonato mundial, a disputar-se de 29 de Novembro a 17 de Dezembro, na Dinamarca, Noruega e Su\u00e9cia.<\/strong><\/p>\n<p><strong>Na Hungria, as campe\u00e3s africanas t\u00eam na agenda seis jogos de prepara\u00e7\u00e3o, sendo dois diante da equipa da cidade de Szekesfehervar, na regi\u00e3o central daquele pa\u00eds, onde vai ficar baseada.<\/strong><\/p>\n<p><strong>Depois joga com uma equipa de Esperan\u00e7as da China, antes de ir \u00e0 Noruega onde vai disputar, de 23 \u00e1 26, a Posten Cup &#8211; competi\u00e7\u00e3o onde est\u00e3o inscritas as selec\u00e7\u00f5es da Noruega, Pol\u00f3nia e Isl\u00e2ndia.<\/strong><\/p>\n<p><strong>De recordar que, Angola no mundial figura no grupo-D, com a Eslov\u00e9nia, Isl\u00e2ndia e Fran\u00e7a, com quem se estreia no dia 30 do corrente m\u00eas.<\/strong><\/p>\n<p>Fonte: R\u00e1dio 5\/RNA<\/p>\n<p><strong>\u00a0<\/strong><\/p>\n","protected":false},"excerpt":{"rendered":"<p>A Selec\u00e7\u00e3o Nacional s\u00e9nior feminina de andebol j\u00e1 respira os ares de Budapeste, capital da Hungria, onde vai consolidar o apronto para o 26\u00ba Campeonato mundial, a disputar-se de 29 de Novembro a 17 de Dezembro, na Dinamarca, Noruega e Su\u00e9cia. Na Hungria, as campe\u00e3s africanas t\u00eam na agenda seis ...<\/p>\n","protected":false},"author":8,"featured_media":120570,"comment_status":"closed","ping_status":"closed","sticky":false,"template":"","format":"standard","meta":[],"categories":[145,125,164,163],"tags":[],"_links":{"self":[{"href":"https:\/\/rna.ao\/rna.ao\/wp-json\/wp\/v2\/posts\/122642"}],"collection":[{"href":"https:\/\/rna.ao\/rna.ao\/wp-json\/wp\/v2\/posts"}],"about":[{"href":"https:\/\/rna.ao\/rna.ao\/wp-json\/wp\/v2\/types\/post"}],"author":[{"embeddable":true,"href":"https:\/\/rna.ao\/rna.ao\/wp-json\/wp\/v2\/users\/8"}],"replies":[{"embeddable":true,"href":"https:\/\/rna.ao\/rna.ao\/wp-json\/wp\/v2\/comments?post=122642"}],"version-history":[{"count":1,"href":"https:\/\/rna.ao\/rna.ao\/wp-json\/wp\/v2\/posts\/122642\/revisions"}],"predecessor-version":[{"id":122648,"href":"https:\/\/rna.ao\/rna.ao\/wp-json\/wp\/v2\/posts\/122642\/revisions\/122648"}],"wp:featuredmedia":[{"embeddable":true,"href":"https:\/\/rna.ao\/rna.ao\/wp-json\/wp\/v2\/media\/120570"}],"wp:attachment":[{"href":"https:\/\/rna.ao\/rna.ao\/wp-json\/wp\/v2\/media?parent=122642"}],"wp:term":[{"taxonomy":"category","embeddable":true,"href":"https:\/\/rna.ao\/rna.ao\/wp-json\/wp\/v2\/categories?post=122642"},{"taxonomy":"post_tag","embeddable":true,"href":"https:\/\/rna.ao\/rna.ao\/wp-json\/wp\/v2\/tags?post=122642"}],"curies":[{"name":"wp","href":"https:\/\/api.w.org\/{rel}","templated":true}]}}