{"id":122641,"date":"2023-11-13T07:28:27","date_gmt":"2023-11-13T06:28:27","guid":{"rendered":"https:\/\/rna.ao\/rna.ao\/?p=122641"},"modified":"2023-11-13T07:28:27","modified_gmt":"2023-11-13T06:28:27","slug":"palancas-negras-comecam-hoje-a-preparar-o-duelo-com-os-tubaroes-azuis","status":"publish","type":"post","link":"https:\/\/rna.ao\/rna.ao\/2023\/11\/13\/palancas-negras-comecam-hoje-a-preparar-o-duelo-com-os-tubaroes-azuis\/","title":{"rendered":"Palancas Negras come\u00e7am hoje a preparar o duelo com os Tubar\u00f5es Azuis"},"content":{"rendered":"<p><strong><img loading=\"lazy\" class=\"alignnone size-full wp-image-74070\" src=\"https:\/\/rna.ao\/rna.ao\/wp-content\/uploads\/2022\/08\/palancas134_15848412816238ea11caf3c.jpg\" alt=\"\" width=\"620\" height=\"355\" \/>Os Palanca Negra d\u00e3o in\u00edcio hoje, 13 de novembro, em Portugal, a prepara\u00e7\u00e3o para o jogo de quinta-feira (16\/11), \u00e0s 19 horas, na cidade da Praia, frente a Cabo Verde, no primeiro do duplo compromisso na caminhada ao mundial de 2026 nos Estados Unidos da Am\u00e9rica, M\u00e9xico e Canad\u00e1.<\/strong><\/p>\n<p><strong>Neblu, guarda-redes do 1\u00ba de Agosto e da selec\u00e7\u00e3o nacional, diz n\u00e3o conhecer bem o advers\u00e1rio, mas que o pensamento passa e fazer um bom resultado. Clique no \u00e1udio e ou\u00e7a:<\/strong><\/p>\n\t<div class=\"qtmplayer-playlist-large\">\n\t\t<ul class=\"qtmplayer-playlist\">\n\t\t\t\n\t\t\t\t\t<li class=\"qtmplayer-trackitem\">\n\t\t<img src=\"https:\/\/rna.ao\/rna.ao\/wp-content\/uploads\/2022\/08\/palancas134_15848412816238ea11caf3c-100x100.jpg\" alt=\"cover\">\t\t<span \t\t\tdata-qtmplayer-cover=\"https:\/\/rna.ao\/rna.ao\/wp-content\/uploads\/2022\/08\/palancas134_15848412816238ea11caf3c.jpg\"\n\t\t\t\t\t\tdata-qtmplayer-file=\"https:\/\/rna.ao\/rna.ao\/wp-content\/uploads\/2023\/11\/7HORAS-1-NEBLU-13-11-23.mp3\"\n\t\t\t\t\t\tdata-qtmplayer-title=\"Palancas Negras come\u00e7am hoje a preparar o duelo com os Tubar\u00f5es Azuis\"\n\t\t\t\t\t\tdata-qtmplayer-artist=\"RNA\"\n\t\t\t\t\t\tdata-qtmplayer-link=\"https:\/\/rna.ao\/rna.ao\/2023\/11\/13\/palancas-negras-comecam-hoje-a-preparar-o-duelo-com-os-tubaroes-azuis\/\"\n\t\t\t\t\t\tdata-qtmplayer-icon=\"file_download\"\n\t\t\t\t\t\tdata-qtmplayer-type=\"track\"\n\t\t\t class=\"qtmplayer-play qtmplayer-link-sec qtmplayer-play-btn\"><i class='material-icons'>play_arrow<\/i><\/span>\n\t\t<p>\n\t\t\t<span class=\"qtmplayer-tit\">Palancas Negras come\u00e7am hoje a preparar o duelo com os Tubar\u00f5es Azuis<\/span>\n\t\t\t<span class=\"qtmplayer-art\">RNA<\/span>\n\t\t<\/p>\n\t<\/li>\n\t\t<\/ul>\n\t<\/div>\t\t\t\n\t\n<p><strong>Saiba que, depois de Cabo Verde, Angola defronta na segunda feira dia 20, em Kuripipi, as Ilhas Maur\u00edcias, para a segunda jornada do grupo-D, zona africana, na corrida ao campeonato do mundo.<\/strong><\/p>\n<p>Fonte: R\u00e1dio 5\/RNA<\/p>\n","protected":false},"excerpt":{"rendered":"<p>Os Palanca Negra d\u00e3o in\u00edcio hoje, 13 de novembro, em Portugal, a prepara\u00e7\u00e3o para o jogo de quinta-feira (16\/11), \u00e0s 19 horas, na cidade da Praia, frente a Cabo Verde, no primeiro do duplo compromisso na caminhada ao mundial de 2026 nos Estados Unidos da Am\u00e9rica, M\u00e9xico e Canad\u00e1. Neblu, ...<\/p>\n","protected":false},"author":8,"featured_media":74070,"comment_status":"closed","ping_status":"closed","sticky":false,"template":"","format":"standard","meta":[],"categories":[145,125,164,163],"tags":[],"_links":{"self":[{"href":"https:\/\/rna.ao\/rna.ao\/wp-json\/wp\/v2\/posts\/122641"}],"collection":[{"href":"https:\/\/rna.ao\/rna.ao\/wp-json\/wp\/v2\/posts"}],"about":[{"href":"https:\/\/rna.ao\/rna.ao\/wp-json\/wp\/v2\/types\/post"}],"author":[{"embeddable":true,"href":"https:\/\/rna.ao\/rna.ao\/wp-json\/wp\/v2\/users\/8"}],"replies":[{"embeddable":true,"href":"https:\/\/rna.ao\/rna.ao\/wp-json\/wp\/v2\/comments?post=122641"}],"version-history":[{"count":1,"href":"https:\/\/rna.ao\/rna.ao\/wp-json\/wp\/v2\/posts\/122641\/revisions"}],"predecessor-version":[{"id":122649,"href":"https:\/\/rna.ao\/rna.ao\/wp-json\/wp\/v2\/posts\/122641\/revisions\/122649"}],"wp:featuredmedia":[{"embeddable":true,"href":"https:\/\/rna.ao\/rna.ao\/wp-json\/wp\/v2\/media\/74070"}],"wp:attachment":[{"href":"https:\/\/rna.ao\/rna.ao\/wp-json\/wp\/v2\/media?parent=122641"}],"wp:term":[{"taxonomy":"category","embeddable":true,"href":"https:\/\/rna.ao\/rna.ao\/wp-json\/wp\/v2\/categories?post=122641"},{"taxonomy":"post_tag","embeddable":true,"href":"https:\/\/rna.ao\/rna.ao\/wp-json\/wp\/v2\/tags?post=122641"}],"curies":[{"name":"wp","href":"https:\/\/api.w.org\/{rel}","templated":true}]}}