{"id":122627,"date":"2023-11-12T18:04:44","date_gmt":"2023-11-12T17:04:44","guid":{"rendered":"https:\/\/rna.ao\/rna.ao\/?p=122627"},"modified":"2023-11-12T18:04:44","modified_gmt":"2023-11-12T17:04:44","slug":"parcerias-economicas-junta-empresarios-de-angola-e-rdc-rumo-ao-crescimento-mutuo","status":"publish","type":"post","link":"https:\/\/rna.ao\/rna.ao\/2023\/11\/12\/parcerias-economicas-junta-empresarios-de-angola-e-rdc-rumo-ao-crescimento-mutuo\/","title":{"rendered":"Parcerias econ\u00f3micas junta empres\u00e1rios de Angola e RDC rumo ao crescimento m\u00fatuo"},"content":{"rendered":"<p><img loading=\"lazy\" class=\" wp-image-122629 aligncenter\" src=\"https:\/\/rna.ao\/rna.ao\/wp-content\/uploads\/2023\/11\/Forum-Angola-RDC.jpg\" alt=\"\" width=\"709\" height=\"406\" \/>&#8220;Parcerias econ\u00f3micas rumo a um crescimento m\u00fatuo&#8221; \u00e9 o lema em debate na 2\u00aa edi\u00e7\u00e3o do f\u00f3rum de neg\u00f3cios Angola\/RDC &#8211; com os auto patroc\u00ednios dos Presidentes Jo\u00e3o Louren\u00e7o e F\u00e9lix Tchisekedi.<\/p>\n<p>Segundo uma publica\u00e7\u00e3o do Minist\u00e9rio da Economia e Planeamento, o f\u00f3rum re\u00fane empres\u00e1rios e governantes para intensificar e sistematizar a realiza\u00e7\u00e3o de neg\u00f3cios entre os dois pa\u00edses\u00a0 vizinhos.<\/p>\n<p>Na mesma publica\u00e7\u00e3o, o Minist\u00e9rio da Economia e Planeamento convida os produtores nacionais &#8211; que possuem o selo do &#8220;Feito Em Angola&#8221; e pretendem exportar para a RDC, a participarem do evento que vai, igualmente. contar com uma exposi\u00e7\u00e3o.<\/p>\n<p>A Rep\u00fablica Democr\u00e1tica do Congo \u00e9, actualmente, o principal destino das exporta\u00e7\u00f5es dos produtos do PRODESI, seguido da Rep\u00fablica do Congo, \u00c1frica do Sul, Nam\u00edbia e Portugal.<\/p>\n","protected":false},"excerpt":{"rendered":"<p>&#8220;Parcerias econ\u00f3micas rumo a um crescimento m\u00fatuo&#8221; \u00e9 o lema em debate na 2\u00aa edi\u00e7\u00e3o do f\u00f3rum de neg\u00f3cios Angola\/RDC &#8211; com os auto patroc\u00ednios dos Presidentes Jo\u00e3o Louren\u00e7o e F\u00e9lix Tchisekedi. Segundo uma publica\u00e7\u00e3o do Minist\u00e9rio da Economia e Planeamento, o f\u00f3rum re\u00fane empres\u00e1rios e governantes para intensificar e ...<\/p>\n","protected":false},"author":8,"featured_media":122630,"comment_status":"closed","ping_status":"closed","sticky":false,"template":"","format":"standard","meta":[],"categories":[121,163],"tags":[],"_links":{"self":[{"href":"https:\/\/rna.ao\/rna.ao\/wp-json\/wp\/v2\/posts\/122627"}],"collection":[{"href":"https:\/\/rna.ao\/rna.ao\/wp-json\/wp\/v2\/posts"}],"about":[{"href":"https:\/\/rna.ao\/rna.ao\/wp-json\/wp\/v2\/types\/post"}],"author":[{"embeddable":true,"href":"https:\/\/rna.ao\/rna.ao\/wp-json\/wp\/v2\/users\/8"}],"replies":[{"embeddable":true,"href":"https:\/\/rna.ao\/rna.ao\/wp-json\/wp\/v2\/comments?post=122627"}],"version-history":[{"count":1,"href":"https:\/\/rna.ao\/rna.ao\/wp-json\/wp\/v2\/posts\/122627\/revisions"}],"predecessor-version":[{"id":122631,"href":"https:\/\/rna.ao\/rna.ao\/wp-json\/wp\/v2\/posts\/122627\/revisions\/122631"}],"wp:featuredmedia":[{"embeddable":true,"href":"https:\/\/rna.ao\/rna.ao\/wp-json\/wp\/v2\/media\/122630"}],"wp:attachment":[{"href":"https:\/\/rna.ao\/rna.ao\/wp-json\/wp\/v2\/media?parent=122627"}],"wp:term":[{"taxonomy":"category","embeddable":true,"href":"https:\/\/rna.ao\/rna.ao\/wp-json\/wp\/v2\/categories?post=122627"},{"taxonomy":"post_tag","embeddable":true,"href":"https:\/\/rna.ao\/rna.ao\/wp-json\/wp\/v2\/tags?post=122627"}],"curies":[{"name":"wp","href":"https:\/\/api.w.org\/{rel}","templated":true}]}}