{"id":122568,"date":"2023-11-12T05:44:35","date_gmt":"2023-11-12T04:44:35","guid":{"rendered":"https:\/\/rna.ao\/rna.ao\/?p=122568"},"modified":"2023-11-12T06:36:05","modified_gmt":"2023-11-12T05:36:05","slug":"seleccao-nacional-concentra-se-segunda-feira-13-11-em-portugal","status":"publish","type":"post","link":"https:\/\/rna.ao\/rna.ao\/2023\/11\/12\/seleccao-nacional-concentra-se-segunda-feira-13-11-em-portugal\/","title":{"rendered":"Selec\u00e7\u00e3o nacional concentra-se segunda-feira (13\/11) em Portugal"},"content":{"rendered":"<p><img loading=\"lazy\" class=\"size-medium wp-image-73954 aligncenter\" src=\"https:\/\/rna.ao\/rna.ao\/wp-content\/uploads\/2022\/08\/Pedro-Goncalves-4-770x385.jpg\" alt=\"\" width=\"770\" height=\"385\" srcset=\"https:\/\/rna.ao\/rna.ao\/wp-content\/uploads\/2022\/08\/Pedro-Goncalves-4-770x385.jpg 770w, https:\/\/rna.ao\/rna.ao\/wp-content\/uploads\/2022\/08\/Pedro-Goncalves-4-1170x585.jpg 1170w, https:\/\/rna.ao\/rna.ao\/wp-content\/uploads\/2022\/08\/Pedro-Goncalves-4-768x384.jpg 768w, https:\/\/rna.ao\/rna.ao\/wp-content\/uploads\/2022\/08\/Pedro-Goncalves-4.jpg 1440w\" sizes=\"(max-width: 770px) 100vw, 770px\" \/>Os Palanca Negra concentram-se segunda-feira, 13 de novembro, em Portugal, visando o duplo compromisso na antec\u00e2mara ao Mundial de 2026, nos Estados Unidos da Am\u00e9rica, M\u00e9xico e Canad\u00e1.<\/p>\n<p>Para esta importante caminhada, o t\u00e9cnico Pedro Gon\u00e7alves chamou 25 jogadores, sendo 20 que actuam na di\u00e1spora e 5 no Girabola &#8211; ou seja um do 1\u00ba de Agosto e quatro do Petro de Luanda.<\/p>\n<p>Artur Almeida e Silva, Presidente da Federa\u00e7\u00e3o Angolana de Futebol, garante que est\u00e3o a trabalhar no sentido de os Palanca Negra representarem da melhor forma o pa\u00eds, na corrida ao Campeonato do Mundo nas Am\u00e9ricas. Clique no \u00e1udio e ou\u00e7a:<\/p>\n\t<div class=\"qtmplayer-playlist-large\">\n\t\t<ul class=\"qtmplayer-playlist\">\n\t\t\t\n\t\t\t\t\t<li class=\"qtmplayer-trackitem\">\n\t\t<img src=\"https:\/\/rna.ao\/rna.ao\/wp-content\/uploads\/2022\/08\/Pedro-Goncalves-4-100x100.jpg\" alt=\"cover\">\t\t<span \t\t\tdata-qtmplayer-cover=\"https:\/\/rna.ao\/rna.ao\/wp-content\/uploads\/2022\/08\/Pedro-Goncalves-4-370x370.jpg\"\n\t\t\t\t\t\tdata-qtmplayer-file=\"https:\/\/rna.ao\/rna.ao\/wp-content\/uploads\/2023\/11\/2-ARTUR-ALMEIDA-E-SILVA-12-11-23.mp3\"\n\t\t\t\t\t\tdata-qtmplayer-title=\"Selec\u00e7\u00e3o nacional concentra-se segunda-feira (13\/11) em Portugal\"\n\t\t\t\t\t\tdata-qtmplayer-artist=\"RNA\"\n\t\t\t\t\t\tdata-qtmplayer-link=\"https:\/\/rna.ao\/rna.ao\/2023\/11\/12\/seleccao-nacional-concentra-se-segunda-feira-13-11-em-portugal\/\"\n\t\t\t\t\t\tdata-qtmplayer-icon=\"file_download\"\n\t\t\t\t\t\tdata-qtmplayer-type=\"track\"\n\t\t\t class=\"qtmplayer-play qtmplayer-link-sec qtmplayer-play-btn\"><i class='material-icons'>play_arrow<\/i><\/span>\n\t\t<p>\n\t\t\t<span class=\"qtmplayer-tit\">Selec\u00e7\u00e3o nacional concentra-se segunda-feira (13\/11) em Portugal<\/span>\n\t\t\t<span class=\"qtmplayer-art\">RNA<\/span>\n\t\t<\/p>\n\t<\/li>\n\t\t<\/ul>\n\t<\/div>\t\t\t\n\t\n<p>De recordar que, Angola defronta Cabo-Verde no dia 16, e no dia 20 as Ilhas Maur\u00edcias.<\/p>\n<p>Fonte: R\u00e1dio 5\/RNA<\/p>\n","protected":false},"excerpt":{"rendered":"<p>Os Palanca Negra concentram-se segunda-feira, 13 de novembro, em Portugal, visando o duplo compromisso na antec\u00e2mara ao Mundial de 2026, nos Estados Unidos da Am\u00e9rica, M\u00e9xico e Canad\u00e1. Para esta importante caminhada, o t\u00e9cnico Pedro Gon\u00e7alves chamou 25 jogadores, sendo 20 que actuam na di\u00e1spora e 5 no Girabola &#8211; ...<\/p>\n","protected":false},"author":8,"featured_media":73954,"comment_status":"closed","ping_status":"closed","sticky":false,"template":"","format":"standard","meta":[],"categories":[145,125,164,163],"tags":[],"_links":{"self":[{"href":"https:\/\/rna.ao\/rna.ao\/wp-json\/wp\/v2\/posts\/122568"}],"collection":[{"href":"https:\/\/rna.ao\/rna.ao\/wp-json\/wp\/v2\/posts"}],"about":[{"href":"https:\/\/rna.ao\/rna.ao\/wp-json\/wp\/v2\/types\/post"}],"author":[{"embeddable":true,"href":"https:\/\/rna.ao\/rna.ao\/wp-json\/wp\/v2\/users\/8"}],"replies":[{"embeddable":true,"href":"https:\/\/rna.ao\/rna.ao\/wp-json\/wp\/v2\/comments?post=122568"}],"version-history":[{"count":3,"href":"https:\/\/rna.ao\/rna.ao\/wp-json\/wp\/v2\/posts\/122568\/revisions"}],"predecessor-version":[{"id":122573,"href":"https:\/\/rna.ao\/rna.ao\/wp-json\/wp\/v2\/posts\/122568\/revisions\/122573"}],"wp:featuredmedia":[{"embeddable":true,"href":"https:\/\/rna.ao\/rna.ao\/wp-json\/wp\/v2\/media\/73954"}],"wp:attachment":[{"href":"https:\/\/rna.ao\/rna.ao\/wp-json\/wp\/v2\/media?parent=122568"}],"wp:term":[{"taxonomy":"category","embeddable":true,"href":"https:\/\/rna.ao\/rna.ao\/wp-json\/wp\/v2\/categories?post=122568"},{"taxonomy":"post_tag","embeddable":true,"href":"https:\/\/rna.ao\/rna.ao\/wp-json\/wp\/v2\/tags?post=122568"}],"curies":[{"name":"wp","href":"https:\/\/api.w.org\/{rel}","templated":true}]}}