{"id":122561,"date":"2023-11-12T06:12:56","date_gmt":"2023-11-12T05:12:56","guid":{"rendered":"https:\/\/rna.ao\/rna.ao\/?p=122561"},"modified":"2023-11-12T11:48:45","modified_gmt":"2023-11-12T10:48:45","slug":"ministro-de-estado-defende-exploracao-do-potencial-do-pais-para-diminuir-dependencia-das-importacoes","status":"publish","type":"post","link":"https:\/\/rna.ao\/rna.ao\/2023\/11\/12\/ministro-de-estado-defende-exploracao-do-potencial-do-pais-para-diminuir-dependencia-das-importacoes\/","title":{"rendered":"Ministro de Estado defende explora\u00e7\u00e3o do potencial do pa\u00eds para diminuir depend\u00eancia das importa\u00e7\u00f5es"},"content":{"rendered":"<p><img loading=\"lazy\" class=\"size-medium wp-image-122565 aligncenter\" src=\"https:\/\/rna.ao\/rna.ao\/wp-content\/uploads\/2023\/11\/Adao-de-Almeida-770x513.jpg\" alt=\"\" width=\"770\" height=\"513\" srcset=\"https:\/\/rna.ao\/rna.ao\/wp-content\/uploads\/2023\/11\/Adao-de-Almeida-770x513.jpg 770w, https:\/\/rna.ao\/rna.ao\/wp-content\/uploads\/2023\/11\/Adao-de-Almeida-768x512.jpg 768w, https:\/\/rna.ao\/rna.ao\/wp-content\/uploads\/2023\/11\/Adao-de-Almeida.jpg 810w\" sizes=\"(max-width: 770px) 100vw, 770px\" \/>O Ministro de Estado e Chefe da Casa Civil do Presidente da Rep\u00fablica, Ad\u00e3o de Almeida, defendeu a urg\u00eancia de explorar, ao m\u00e1ximo, o potencial que o pa\u00eds oferece na diminui\u00e7\u00e3o da depend\u00eancia das importa\u00e7\u00f5es.<\/p>\n<p>Ad\u00e3o de Almeida discursava na capital da Lunda-Sul &#8211; Saurimo, no acto central dos 48 anos de Independ\u00eancia nacional. Clique no \u00e1udio e ou\u00e7a:<\/p>\n\t<div class=\"qtmplayer-playlist-large\">\n\t\t<ul class=\"qtmplayer-playlist\">\n\t\t\t\n\t\t\t\t\t<li class=\"qtmplayer-trackitem\">\n\t\t<img src=\"https:\/\/rna.ao\/rna.ao\/wp-content\/uploads\/2023\/11\/Adao-de-Almeida-1-100x100.jpg\" alt=\"cover\">\t\t<span \t\t\tdata-qtmplayer-cover=\"https:\/\/rna.ao\/rna.ao\/wp-content\/uploads\/2023\/11\/Adao-de-Almeida-1.jpg\"\n\t\t\t\t\t\tdata-qtmplayer-file=\"https:\/\/rna.ao\/rna.ao\/wp-content\/uploads\/2023\/11\/ADAO-DE-ALMEIDA-1-00HRS.mp3\"\n\t\t\t\t\t\tdata-qtmplayer-title=\"Ministro de Estado defende explora\u00e7\u00e3o do potencial do pa\u00eds para diminuir depend\u00eancia das importa\u00e7\u00f5es\"\n\t\t\t\t\t\tdata-qtmplayer-artist=\"RNA\"\n\t\t\t\t\t\tdata-qtmplayer-link=\"https:\/\/rna.ao\/rna.ao\/2023\/11\/12\/ministro-de-estado-defende-exploracao-do-potencial-do-pais-para-diminuir-dependencia-das-importacoes\/\"\n\t\t\t\t\t\tdata-qtmplayer-icon=\"file_download\"\n\t\t\t\t\t\tdata-qtmplayer-type=\"track\"\n\t\t\t class=\"qtmplayer-play qtmplayer-link-sec qtmplayer-play-btn\"><i class='material-icons'>play_arrow<\/i><\/span>\n\t\t<p>\n\t\t\t<span class=\"qtmplayer-tit\">Ministro de Estado defende explora\u00e7\u00e3o do potencial do pa\u00eds para diminuir depend\u00eancia das importa\u00e7\u00f5es<\/span>\n\t\t\t<span class=\"qtmplayer-art\">RNA<\/span>\n\t\t<\/p>\n\t<\/li>\n\t\t<\/ul>\n\t<\/div>\t\t\t\n\t\n<p>O Ministro de Estado disse ainda que o Executivo vai continuar a investir na melhoria das infra-estruturas, para que a economia do pa\u00eds seja cada vez mais competitiva. Ad\u00e3o de Almeida deu como exemplo a constru\u00e7\u00e3o e reabilita\u00e7\u00e3o das estradas nacionais no norte e leste do pa\u00eds. Clique no \u00e1udio e ou\u00e7a:<\/p>\n\t<div class=\"qtmplayer-playlist-large\">\n\t\t<ul class=\"qtmplayer-playlist\">\n\t\t\t\n\t\t\t\t\t<li class=\"qtmplayer-trackitem\">\n\t\t<img src=\"https:\/\/rna.ao\/rna.ao\/wp-content\/uploads\/2023\/11\/Adao-de-Almeida-1-100x100.jpg\" alt=\"cover\">\t\t<span \t\t\tdata-qtmplayer-cover=\"https:\/\/rna.ao\/rna.ao\/wp-content\/uploads\/2023\/11\/Adao-de-Almeida-1.jpg\"\n\t\t\t\t\t\tdata-qtmplayer-file=\"https:\/\/rna.ao\/rna.ao\/wp-content\/uploads\/2023\/11\/ADAO-DE-ALMEIDA-2-00HRS.mp3\"\n\t\t\t\t\t\tdata-qtmplayer-title=\"Ministro de Estado defende explora\u00e7\u00e3o do potencial do pa\u00eds para diminuir depend\u00eancia das importa\u00e7\u00f5es\"\n\t\t\t\t\t\tdata-qtmplayer-artist=\"RNA\"\n\t\t\t\t\t\tdata-qtmplayer-link=\"https:\/\/rna.ao\/rna.ao\/2023\/11\/12\/ministro-de-estado-defende-exploracao-do-potencial-do-pais-para-diminuir-dependencia-das-importacoes\/\"\n\t\t\t\t\t\tdata-qtmplayer-icon=\"file_download\"\n\t\t\t\t\t\tdata-qtmplayer-type=\"track\"\n\t\t\t class=\"qtmplayer-play qtmplayer-link-sec qtmplayer-play-btn\"><i class='material-icons'>play_arrow<\/i><\/span>\n\t\t<p>\n\t\t\t<span class=\"qtmplayer-tit\">Ministro de Estado defende explora\u00e7\u00e3o do potencial do pa\u00eds para diminuir depend\u00eancia das importa\u00e7\u00f5es<\/span>\n\t\t\t<span class=\"qtmplayer-art\">RNA<\/span>\n\t\t<\/p>\n\t<\/li>\n\t\t<\/ul>\n\t<\/div>\t\t\t\n\t\n<p>Fonte: RNA<\/p>\n","protected":false},"excerpt":{"rendered":"<p>O Ministro de Estado e Chefe da Casa Civil do Presidente da Rep\u00fablica, Ad\u00e3o de Almeida, defendeu a urg\u00eancia de explorar, ao m\u00e1ximo, o potencial que o pa\u00eds oferece na diminui\u00e7\u00e3o da depend\u00eancia das importa\u00e7\u00f5es. Ad\u00e3o de Almeida discursava na capital da Lunda-Sul &#8211; Saurimo, no acto central dos 48 ...<\/p>\n","protected":false},"author":8,"featured_media":122566,"comment_status":"closed","ping_status":"closed","sticky":false,"template":"","format":"standard","meta":[],"categories":[142,121,164],"tags":[],"_links":{"self":[{"href":"https:\/\/rna.ao\/rna.ao\/wp-json\/wp\/v2\/posts\/122561"}],"collection":[{"href":"https:\/\/rna.ao\/rna.ao\/wp-json\/wp\/v2\/posts"}],"about":[{"href":"https:\/\/rna.ao\/rna.ao\/wp-json\/wp\/v2\/types\/post"}],"author":[{"embeddable":true,"href":"https:\/\/rna.ao\/rna.ao\/wp-json\/wp\/v2\/users\/8"}],"replies":[{"embeddable":true,"href":"https:\/\/rna.ao\/rna.ao\/wp-json\/wp\/v2\/comments?post=122561"}],"version-history":[{"count":3,"href":"https:\/\/rna.ao\/rna.ao\/wp-json\/wp\/v2\/posts\/122561\/revisions"}],"predecessor-version":[{"id":122614,"href":"https:\/\/rna.ao\/rna.ao\/wp-json\/wp\/v2\/posts\/122561\/revisions\/122614"}],"wp:featuredmedia":[{"embeddable":true,"href":"https:\/\/rna.ao\/rna.ao\/wp-json\/wp\/v2\/media\/122566"}],"wp:attachment":[{"href":"https:\/\/rna.ao\/rna.ao\/wp-json\/wp\/v2\/media?parent=122561"}],"wp:term":[{"taxonomy":"category","embeddable":true,"href":"https:\/\/rna.ao\/rna.ao\/wp-json\/wp\/v2\/categories?post=122561"},{"taxonomy":"post_tag","embeddable":true,"href":"https:\/\/rna.ao\/rna.ao\/wp-json\/wp\/v2\/tags?post=122561"}],"curies":[{"name":"wp","href":"https:\/\/api.w.org\/{rel}","templated":true}]}}