{"id":122552,"date":"2023-11-12T05:46:41","date_gmt":"2023-11-12T04:46:41","guid":{"rendered":"https:\/\/rna.ao\/rna.ao\/?p=122552"},"modified":"2023-11-12T11:54:09","modified_gmt":"2023-11-12T10:54:09","slug":"executivo-promete-combate-cerrado-aos-grupos-que-pretendem-inviabilizar-desenvolvimento-no-pais","status":"publish","type":"post","link":"https:\/\/rna.ao\/rna.ao\/2023\/11\/12\/executivo-promete-combate-cerrado-aos-grupos-que-pretendem-inviabilizar-desenvolvimento-no-pais\/","title":{"rendered":"Executivo promete combate cerrado aos grupos que pretendem inviabilizar desenvolvimento no pa\u00eds"},"content":{"rendered":"<p><img loading=\"lazy\" class=\"size-medium wp-image-122554 aligncenter\" src=\"https:\/\/rna.ao\/rna.ao\/wp-content\/uploads\/2023\/11\/GENER-fURTADO-770x513.jpg\" alt=\"\" width=\"770\" height=\"513\" srcset=\"https:\/\/rna.ao\/rna.ao\/wp-content\/uploads\/2023\/11\/GENER-fURTADO-770x513.jpg 770w, https:\/\/rna.ao\/rna.ao\/wp-content\/uploads\/2023\/11\/GENER-fURTADO-768x512.jpg 768w, https:\/\/rna.ao\/rna.ao\/wp-content\/uploads\/2023\/11\/GENER-fURTADO.jpg 960w\" sizes=\"(max-width: 770px) 100vw, 770px\" \/>O Ministro de Estado e Chefe da Casa Militar do Presidente da Rep\u00fablica, Francisco Pereira Furtado, considerou como acto de terrorismo a vandaliza\u00e7\u00e3o de Torres de Alta Tens\u00e3o, da linha de transporte de energia Cambambe-Viana, prejudicando o bem-estar das popula\u00e7\u00f5es e do Estado.<\/p>\n<p>Francisco Pereira Furtado, que falava \u00e0 imprensa no quadro das comemora\u00e7\u00f5es dos 48 anos da Independ\u00eancia Nacional, frisou que existem ind\u00edcios de sabotagem que est\u00e3o a ser acompanhados e dever\u00e3o ser apresentados oportunamente. Clique no \u00e1udio e ou\u00e7a:<\/p>\n\t<div class=\"qtmplayer-playlist-large\">\n\t\t<ul class=\"qtmplayer-playlist\">\n\t\t\t\n\t\t\t\t\t<li class=\"qtmplayer-trackitem\">\n\t\t<img src=\"https:\/\/rna.ao\/rna.ao\/wp-content\/uploads\/2023\/11\/GENER-fURTADO-1-100x100.jpg\" alt=\"cover\">\t\t<span \t\t\tdata-qtmplayer-cover=\"https:\/\/rna.ao\/rna.ao\/wp-content\/uploads\/2023\/11\/GENER-fURTADO-1.jpg\"\n\t\t\t\t\t\tdata-qtmplayer-file=\"https:\/\/rna.ao\/rna.ao\/wp-content\/uploads\/2023\/11\/FRANCISCO-FURTADO-00HRS.mp3\"\n\t\t\t\t\t\tdata-qtmplayer-title=\"Executivo promete combate cerrado aos grupos que pretendem inviabilizar desenvolvimento no pa\u00eds\"\n\t\t\t\t\t\tdata-qtmplayer-artist=\"RNA\"\n\t\t\t\t\t\tdata-qtmplayer-link=\"https:\/\/rna.ao\/rna.ao\/2023\/11\/12\/executivo-promete-combate-cerrado-aos-grupos-que-pretendem-inviabilizar-desenvolvimento-no-pais\/\"\n\t\t\t\t\t\tdata-qtmplayer-icon=\"file_download\"\n\t\t\t\t\t\tdata-qtmplayer-type=\"track\"\n\t\t\t class=\"qtmplayer-play qtmplayer-link-sec qtmplayer-play-btn\"><i class='material-icons'>play_arrow<\/i><\/span>\n\t\t<p>\n\t\t\t<span class=\"qtmplayer-tit\">Executivo promete combate cerrado aos grupos que pretendem inviabilizar desenvolvimento no pa\u00eds<\/span>\n\t\t\t<span class=\"qtmplayer-art\">RNA<\/span>\n\t\t<\/p>\n\t<\/li>\n\t\t<\/ul>\n\t<\/div>\t\t\t\n\t\n<p>Fonte: RNA<\/p>\n","protected":false},"excerpt":{"rendered":"<p>O Ministro de Estado e Chefe da Casa Militar do Presidente da Rep\u00fablica, Francisco Pereira Furtado, considerou como acto de terrorismo a vandaliza\u00e7\u00e3o de Torres de Alta Tens\u00e3o, da linha de transporte de energia Cambambe-Viana, prejudicando o bem-estar das popula\u00e7\u00f5es e do Estado. Francisco Pereira Furtado, que falava \u00e0 imprensa ...<\/p>\n","protected":false},"author":8,"featured_media":122555,"comment_status":"closed","ping_status":"closed","sticky":false,"template":"","format":"standard","meta":[],"categories":[142,121,164],"tags":[],"_links":{"self":[{"href":"https:\/\/rna.ao\/rna.ao\/wp-json\/wp\/v2\/posts\/122552"}],"collection":[{"href":"https:\/\/rna.ao\/rna.ao\/wp-json\/wp\/v2\/posts"}],"about":[{"href":"https:\/\/rna.ao\/rna.ao\/wp-json\/wp\/v2\/types\/post"}],"author":[{"embeddable":true,"href":"https:\/\/rna.ao\/rna.ao\/wp-json\/wp\/v2\/users\/8"}],"replies":[{"embeddable":true,"href":"https:\/\/rna.ao\/rna.ao\/wp-json\/wp\/v2\/comments?post=122552"}],"version-history":[{"count":2,"href":"https:\/\/rna.ao\/rna.ao\/wp-json\/wp\/v2\/posts\/122552\/revisions"}],"predecessor-version":[{"id":122617,"href":"https:\/\/rna.ao\/rna.ao\/wp-json\/wp\/v2\/posts\/122552\/revisions\/122617"}],"wp:featuredmedia":[{"embeddable":true,"href":"https:\/\/rna.ao\/rna.ao\/wp-json\/wp\/v2\/media\/122555"}],"wp:attachment":[{"href":"https:\/\/rna.ao\/rna.ao\/wp-json\/wp\/v2\/media?parent=122552"}],"wp:term":[{"taxonomy":"category","embeddable":true,"href":"https:\/\/rna.ao\/rna.ao\/wp-json\/wp\/v2\/categories?post=122552"},{"taxonomy":"post_tag","embeddable":true,"href":"https:\/\/rna.ao\/rna.ao\/wp-json\/wp\/v2\/tags?post=122552"}],"curies":[{"name":"wp","href":"https:\/\/api.w.org\/{rel}","templated":true}]}}