{"id":122551,"date":"2023-11-12T08:02:11","date_gmt":"2023-11-12T07:02:11","guid":{"rendered":"https:\/\/rna.ao\/rna.ao\/?p=122551"},"modified":"2023-11-12T08:03:57","modified_gmt":"2023-11-12T07:03:57","slug":"angola-produz-farinha-de-trigo","status":"publish","type":"post","link":"https:\/\/rna.ao\/rna.ao\/2023\/11\/12\/angola-produz-farinha-de-trigo\/","title":{"rendered":"Angola produz farinha de trigo"},"content":{"rendered":"<p><img loading=\"lazy\" class=\" wp-image-73685 aligncenter\" src=\"https:\/\/rna.ao\/rna.ao\/wp-content\/uploads\/2022\/08\/ANTONIOFRANCISCODEASSISMINAGRICULTURA-TPA-e1593573265664.png\" alt=\"\" width=\"558\" height=\"489\" \/>O Ministro da Agricultura e Florestas anunciou que o pa\u00eds j\u00e1 come\u00e7ou com a produ\u00e7\u00e3o de trigo. Francisco Assis disse que uma f\u00e1brica, para descasque e moagem do cereal, est\u00e1 em fase experimental na Prov\u00edncia do Bi\u00e9. Clique no \u00e1udio e ou\u00e7a:<\/p>\n\t<div class=\"qtmplayer-playlist-large\">\n\t\t<ul class=\"qtmplayer-playlist\">\n\t\t\t\n\t\t\t\t\t<li class=\"qtmplayer-trackitem\">\n\t\t<img src=\"https:\/\/rna.ao\/rna.ao\/wp-content\/uploads\/2021\/06\/tipos-de-farinha-de-trigo-veja-100x100.jpg\" alt=\"cover\">\t\t<span \t\t\tdata-qtmplayer-cover=\"https:\/\/rna.ao\/rna.ao\/wp-content\/uploads\/2021\/06\/tipos-de-farinha-de-trigo-veja.jpg\"\n\t\t\t\t\t\tdata-qtmplayer-file=\"https:\/\/rna.ao\/rna.ao\/wp-content\/uploads\/2023\/11\/FRANCISCO-DE-ASSIS-00HRS.mp3\"\n\t\t\t\t\t\tdata-qtmplayer-title=\"Angola produz farinha de trigo\"\n\t\t\t\t\t\tdata-qtmplayer-artist=\"RNA\"\n\t\t\t\t\t\tdata-qtmplayer-link=\"https:\/\/rna.ao\/rna.ao\/2023\/11\/12\/angola-produz-farinha-de-trigo\/\"\n\t\t\t\t\t\tdata-qtmplayer-icon=\"file_download\"\n\t\t\t\t\t\tdata-qtmplayer-type=\"track\"\n\t\t\t class=\"qtmplayer-play qtmplayer-link-sec qtmplayer-play-btn\"><i class='material-icons'>play_arrow<\/i><\/span>\n\t\t<p>\n\t\t\t<span class=\"qtmplayer-tit\">Angola produz farinha de trigo<\/span>\n\t\t\t<span class=\"qtmplayer-art\">RNA<\/span>\n\t\t<\/p>\n\t<\/li>\n\t\t<\/ul>\n\t<\/div>\t\t\t\n\t\n<p>Fonte: RNA<\/p>\n","protected":false},"excerpt":{"rendered":"<p>O Ministro da Agricultura e Florestas anunciou que o pa\u00eds j\u00e1 come\u00e7ou com a produ\u00e7\u00e3o de trigo. Francisco Assis disse que uma f\u00e1brica, para descasque e moagem do cereal, est\u00e1 em fase experimental na Prov\u00edncia do Bi\u00e9. Clique no \u00e1udio e ou\u00e7a: Fonte: RNA<\/p>\n","protected":false},"author":8,"featured_media":28396,"comment_status":"closed","ping_status":"closed","sticky":false,"template":"","format":"standard","meta":[],"categories":[142,121,164,163],"tags":[],"_links":{"self":[{"href":"https:\/\/rna.ao\/rna.ao\/wp-json\/wp\/v2\/posts\/122551"}],"collection":[{"href":"https:\/\/rna.ao\/rna.ao\/wp-json\/wp\/v2\/posts"}],"about":[{"href":"https:\/\/rna.ao\/rna.ao\/wp-json\/wp\/v2\/types\/post"}],"author":[{"embeddable":true,"href":"https:\/\/rna.ao\/rna.ao\/wp-json\/wp\/v2\/users\/8"}],"replies":[{"embeddable":true,"href":"https:\/\/rna.ao\/rna.ao\/wp-json\/wp\/v2\/comments?post=122551"}],"version-history":[{"count":1,"href":"https:\/\/rna.ao\/rna.ao\/wp-json\/wp\/v2\/posts\/122551\/revisions"}],"predecessor-version":[{"id":122598,"href":"https:\/\/rna.ao\/rna.ao\/wp-json\/wp\/v2\/posts\/122551\/revisions\/122598"}],"wp:featuredmedia":[{"embeddable":true,"href":"https:\/\/rna.ao\/rna.ao\/wp-json\/wp\/v2\/media\/28396"}],"wp:attachment":[{"href":"https:\/\/rna.ao\/rna.ao\/wp-json\/wp\/v2\/media?parent=122551"}],"wp:term":[{"taxonomy":"category","embeddable":true,"href":"https:\/\/rna.ao\/rna.ao\/wp-json\/wp\/v2\/categories?post=122551"},{"taxonomy":"post_tag","embeddable":true,"href":"https:\/\/rna.ao\/rna.ao\/wp-json\/wp\/v2\/tags?post=122551"}],"curies":[{"name":"wp","href":"https:\/\/api.w.org\/{rel}","templated":true}]}}