{"id":122506,"date":"2023-11-11T01:47:34","date_gmt":"2023-11-11T00:47:34","guid":{"rendered":"https:\/\/rna.ao\/rna.ao\/?p=122506"},"modified":"2023-11-11T01:47:34","modified_gmt":"2023-11-11T00:47:34","slug":"cabinda-infra-estruturas-socioeconomicas-apontadas-como-ganhos-da-independencia","status":"publish","type":"post","link":"https:\/\/rna.ao\/rna.ao\/2023\/11\/11\/cabinda-infra-estruturas-socioeconomicas-apontadas-como-ganhos-da-independencia\/","title":{"rendered":"Cabinda: Infra-estruturas socioecon\u00f3micas apontadas como ganhos da independ\u00eancia"},"content":{"rendered":"<p><img loading=\"lazy\" class=\" wp-image-111144 aligncenter\" src=\"https:\/\/rna.ao\/rna.ao\/wp-content\/uploads\/2023\/07\/Hospital-Geral-de-Cabinda.jpg\" alt=\"\" width=\"807\" height=\"462\" \/>Populares, na Prov\u00edncia de Cabinda, destacam a import\u00e2ncia da independ\u00eancia nacional na vida dos angolanos. A constru\u00e7\u00e3o de infra-estruturas socioecon\u00f3micas e o direito \u00e0 autodetermina\u00e7\u00e3o, s\u00e3o apontados como os principais ganhos da independ\u00eancia nacional. Ou\u00e7a, no \u00e1udio abaixo, a reportagem do Domingos Tiago:<\/p>\n\t<div class=\"qtmplayer-playlist-large\">\n\t\t<ul class=\"qtmplayer-playlist\">\n\t\t\t\n\t\t\t\t\t<li class=\"qtmplayer-trackitem\">\n\t\t<img src=\"https:\/\/rna.ao\/rna.ao\/wp-content\/uploads\/2023\/07\/Hospital-Geral-de-Cabinda-1-100x100.jpg\" alt=\"cover\">\t\t<span \t\t\tdata-qtmplayer-cover=\"https:\/\/rna.ao\/rna.ao\/wp-content\/uploads\/2023\/07\/Hospital-Geral-de-Cabinda-1.jpg\"\n\t\t\t\t\t\tdata-qtmplayer-file=\"https:\/\/rna.ao\/rna.ao\/wp-content\/uploads\/2023\/11\/CABINDA-INDEPENDENCIA-00HRS.mp3\"\n\t\t\t\t\t\tdata-qtmplayer-title=\"Cabinda: Infra-estruturas socioecon\u00f3micas apontadas como ganhos da independ\u00eancia\"\n\t\t\t\t\t\tdata-qtmplayer-artist=\"RNA\"\n\t\t\t\t\t\tdata-qtmplayer-link=\"https:\/\/rna.ao\/rna.ao\/2023\/11\/11\/cabinda-infra-estruturas-socioeconomicas-apontadas-como-ganhos-da-independencia\/\"\n\t\t\t\t\t\tdata-qtmplayer-icon=\"file_download\"\n\t\t\t\t\t\tdata-qtmplayer-type=\"track\"\n\t\t\t class=\"qtmplayer-play qtmplayer-link-sec qtmplayer-play-btn\"><i class='material-icons'>play_arrow<\/i><\/span>\n\t\t<p>\n\t\t\t<span class=\"qtmplayer-tit\">Cabinda: Infra-estruturas socioecon\u00f3micas apontadas como ganhos da independ\u00eancia<\/span>\n\t\t\t<span class=\"qtmplayer-art\">RNA<\/span>\n\t\t<\/p>\n\t<\/li>\n\t\t<\/ul>\n\t<\/div>\t\t\t\n\t\n<p>Fonte: RNA<\/p>\n","protected":false},"excerpt":{"rendered":"<p>Populares, na Prov\u00edncia de Cabinda, destacam a import\u00e2ncia da independ\u00eancia nacional na vida dos angolanos. A constru\u00e7\u00e3o de infra-estruturas socioecon\u00f3micas e o direito \u00e0 autodetermina\u00e7\u00e3o, s\u00e3o apontados como os principais ganhos da independ\u00eancia nacional. Ou\u00e7a, no \u00e1udio abaixo, a reportagem do Domingos Tiago: Fonte: RNA<\/p>\n","protected":false},"author":8,"featured_media":111145,"comment_status":"closed","ping_status":"closed","sticky":false,"template":"","format":"standard","meta":[],"categories":[121,163],"tags":[],"_links":{"self":[{"href":"https:\/\/rna.ao\/rna.ao\/wp-json\/wp\/v2\/posts\/122506"}],"collection":[{"href":"https:\/\/rna.ao\/rna.ao\/wp-json\/wp\/v2\/posts"}],"about":[{"href":"https:\/\/rna.ao\/rna.ao\/wp-json\/wp\/v2\/types\/post"}],"author":[{"embeddable":true,"href":"https:\/\/rna.ao\/rna.ao\/wp-json\/wp\/v2\/users\/8"}],"replies":[{"embeddable":true,"href":"https:\/\/rna.ao\/rna.ao\/wp-json\/wp\/v2\/comments?post=122506"}],"version-history":[{"count":1,"href":"https:\/\/rna.ao\/rna.ao\/wp-json\/wp\/v2\/posts\/122506\/revisions"}],"predecessor-version":[{"id":122508,"href":"https:\/\/rna.ao\/rna.ao\/wp-json\/wp\/v2\/posts\/122506\/revisions\/122508"}],"wp:featuredmedia":[{"embeddable":true,"href":"https:\/\/rna.ao\/rna.ao\/wp-json\/wp\/v2\/media\/111145"}],"wp:attachment":[{"href":"https:\/\/rna.ao\/rna.ao\/wp-json\/wp\/v2\/media?parent=122506"}],"wp:term":[{"taxonomy":"category","embeddable":true,"href":"https:\/\/rna.ao\/rna.ao\/wp-json\/wp\/v2\/categories?post=122506"},{"taxonomy":"post_tag","embeddable":true,"href":"https:\/\/rna.ao\/rna.ao\/wp-json\/wp\/v2\/tags?post=122506"}],"curies":[{"name":"wp","href":"https:\/\/api.w.org\/{rel}","templated":true}]}}