{"id":122155,"date":"2023-11-08T09:29:34","date_gmt":"2023-11-08T08:29:34","guid":{"rendered":"https:\/\/rna.ao\/rna.ao\/?p=122155"},"modified":"2023-11-08T09:29:34","modified_gmt":"2023-11-08T08:29:34","slug":"federacao-angolana-de-andebol-realiza-na-quinta-feira-conferencia-internacional-sob-o-lema-olhar-o-futuro-rumo-a-excelencia","status":"publish","type":"post","link":"https:\/\/rna.ao\/rna.ao\/2023\/11\/08\/federacao-angolana-de-andebol-realiza-na-quinta-feira-conferencia-internacional-sob-o-lema-olhar-o-futuro-rumo-a-excelencia\/","title":{"rendered":"Federa\u00e7\u00e3o Angolana de andebol realiza na quinta-feira confer\u00eancia internacional, sob o lema &#8220;olhar o futuro rumo \u00e0 excel\u00eancia&#8221;"},"content":{"rendered":"<div dir=\"auto\"><img loading=\"lazy\" class=\"size-full wp-image-122158 alignleft\" src=\"https:\/\/rna.ao\/rna.ao\/wp-content\/uploads\/2023\/11\/reuniao-conferencia.jpg\" alt=\"\" width=\"372\" height=\"213\" srcset=\"https:\/\/rna.ao\/rna.ao\/wp-content\/uploads\/2023\/11\/reuniao-conferencia.jpg 372w, https:\/\/rna.ao\/rna.ao\/wp-content\/uploads\/2023\/11\/reuniao-conferencia-370x213.jpg 370w\" sizes=\"(max-width: 372px) 100vw, 372px\" \/>A Federa\u00e7\u00e3o Angolana andebol, realiza a partir de amanh\u00e3, quinta-feira, 8 de Novembro, na Escola Nacional de Administra\u00e7\u00e3o e Pol\u00edticas p\u00fablicas, na Prov\u00edncia de Luanda a confer\u00eancia internacional, sob o lema &#8220;olhar o futuro rumo \u00e0 excel\u00eancia. Jos\u00e9 do Amaral J\u00fanior Maninho, presidente da Federa\u00e7\u00e3o de andebol real\u00e7a a import\u00e2ncia do f\u00f3rum.\t<div class=\"qtmplayer-playlist-large\">\n\t\t<ul class=\"qtmplayer-playlist\">\n\t\t\t\n\t\t\t\t\t<li class=\"qtmplayer-trackitem\">\n\t\t<img src=\"https:\/\/rna.ao\/rna.ao\/wp-content\/uploads\/2022\/06\/Federation_angolaise_de_handball-100x100.png\" alt=\"cover\">\t\t<span \t\t\tdata-qtmplayer-cover=\"https:\/\/rna.ao\/rna.ao\/wp-content\/uploads\/2022\/06\/Federation_angolaise_de_handball.png\"\n\t\t\t\t\t\tdata-qtmplayer-file=\"https:\/\/rna.ao\/rna.ao\/wp-content\/uploads\/2023\/11\/P-J-2-JOSE-DO-AMARAL-MANINHO-08-11-23.mp3\"\n\t\t\t\t\t\tdata-qtmplayer-title=\"Federa\u00e7\u00e3o Angolana de andebol realiza na quinta-feira confer\u00eancia internacional, sob o lema &#8220;olhar o futuro rumo \u00e0 excel\u00eancia&#8221;\"\n\t\t\t\t\t\tdata-qtmplayer-artist=\"RNA\"\n\t\t\t\t\t\tdata-qtmplayer-link=\"https:\/\/rna.ao\/rna.ao\/2023\/11\/08\/federacao-angolana-de-andebol-realiza-na-quinta-feira-conferencia-internacional-sob-o-lema-olhar-o-futuro-rumo-a-excelencia\/\"\n\t\t\t\t\t\tdata-qtmplayer-icon=\"file_download\"\n\t\t\t\t\t\tdata-qtmplayer-type=\"track\"\n\t\t\t class=\"qtmplayer-play qtmplayer-link-sec qtmplayer-play-btn\"><i class='material-icons'>play_arrow<\/i><\/span>\n\t\t<p>\n\t\t\t<span class=\"qtmplayer-tit\">Federa\u00e7\u00e3o Angolana de andebol realiza na quinta-feira confer\u00eancia internacional, sob o lema &#8220;olhar o futuro rumo \u00e0 excel\u00eancia&#8221;<\/span>\n\t\t\t<span class=\"qtmplayer-art\">RNA<\/span>\n\t\t<\/p>\n\t<\/li>\n\t\t<\/ul>\n\t<\/div>\t\t\t\n\t<\/p>\n<\/div>\n","protected":false},"excerpt":{"rendered":"<p>A Federa\u00e7\u00e3o Angolana andebol, realiza a partir de amanh\u00e3, quinta-feira, 8 de Novembro, na Escola Nacional de Administra\u00e7\u00e3o e Pol\u00edticas p\u00fablicas, na Prov\u00edncia de Luanda a confer\u00eancia internacional, sob o lema &#8220;olhar o futuro rumo \u00e0 excel\u00eancia. Jos\u00e9 do Amaral J\u00fanior Maninho, presidente da Federa\u00e7\u00e3o de andebol real\u00e7a a import\u00e2ncia ...<\/p>\n","protected":false},"author":8,"featured_media":66867,"comment_status":"closed","ping_status":"closed","sticky":false,"template":"","format":"standard","meta":[],"categories":[145,125,164],"tags":[],"_links":{"self":[{"href":"https:\/\/rna.ao\/rna.ao\/wp-json\/wp\/v2\/posts\/122155"}],"collection":[{"href":"https:\/\/rna.ao\/rna.ao\/wp-json\/wp\/v2\/posts"}],"about":[{"href":"https:\/\/rna.ao\/rna.ao\/wp-json\/wp\/v2\/types\/post"}],"author":[{"embeddable":true,"href":"https:\/\/rna.ao\/rna.ao\/wp-json\/wp\/v2\/users\/8"}],"replies":[{"embeddable":true,"href":"https:\/\/rna.ao\/rna.ao\/wp-json\/wp\/v2\/comments?post=122155"}],"version-history":[{"count":1,"href":"https:\/\/rna.ao\/rna.ao\/wp-json\/wp\/v2\/posts\/122155\/revisions"}],"predecessor-version":[{"id":122163,"href":"https:\/\/rna.ao\/rna.ao\/wp-json\/wp\/v2\/posts\/122155\/revisions\/122163"}],"wp:featuredmedia":[{"embeddable":true,"href":"https:\/\/rna.ao\/rna.ao\/wp-json\/wp\/v2\/media\/66867"}],"wp:attachment":[{"href":"https:\/\/rna.ao\/rna.ao\/wp-json\/wp\/v2\/media?parent=122155"}],"wp:term":[{"taxonomy":"category","embeddable":true,"href":"https:\/\/rna.ao\/rna.ao\/wp-json\/wp\/v2\/categories?post=122155"},{"taxonomy":"post_tag","embeddable":true,"href":"https:\/\/rna.ao\/rna.ao\/wp-json\/wp\/v2\/tags?post=122155"}],"curies":[{"name":"wp","href":"https:\/\/api.w.org\/{rel}","templated":true}]}}