{"id":122151,"date":"2023-11-08T09:15:14","date_gmt":"2023-11-08T08:15:14","guid":{"rendered":"https:\/\/rna.ao\/rna.ao\/?p=122151"},"modified":"2023-11-08T10:17:43","modified_gmt":"2023-11-08T09:17:43","slug":"campeas-africanas-de-andebol-voltam-a-trabalhar-hoje-na-arena-do-kilamba","status":"publish","type":"post","link":"https:\/\/rna.ao\/rna.ao\/2023\/11\/08\/campeas-africanas-de-andebol-voltam-a-trabalhar-hoje-na-arena-do-kilamba\/","title":{"rendered":"Campe\u00e3s africanas de andebol voltam a trabalhar hoje na Arena do Kilamba"},"content":{"rendered":"<div dir=\"auto\">\n<p><img loading=\"lazy\" class=\"wp-image-120570 alignleft\" src=\"https:\/\/rna.ao\/rna.ao\/wp-content\/uploads\/2023\/10\/seleccao-feminina-de-Andebol.jpg\" alt=\"\" width=\"382\" height=\"219\" \/>A selec\u00e7\u00e3o nacional s\u00e9nior feminina de Andebol, realiza hoje, 8 de Novembro, sess\u00e3o \u00fanica \u00e0s 7 horas no Pavilh\u00e3o Arena do Kilamba, no quadro da prepara\u00e7\u00e3o visando o mundial da Dinamarca, Noruega e Su\u00e9cia. Isabel Guialo \u00e9 a voz de um grupo determinado para as pr\u00f3ximas empreitadas. Clique no \u00e1udio e ou\u00e7a:<\/p>\n\t<div class=\"qtmplayer-playlist-large\">\n\t\t<ul class=\"qtmplayer-playlist\">\n\t\t\t\n\t\t\t\t\t<li class=\"qtmplayer-trackitem\">\n\t\t<img src=\"https:\/\/rna.ao\/rna.ao\/wp-content\/uploads\/2023\/10\/seleccao-feminina-de-Andebol-100x100.jpg\" alt=\"cover\">\t\t<span \t\t\tdata-qtmplayer-cover=\"https:\/\/rna.ao\/rna.ao\/wp-content\/uploads\/2023\/10\/seleccao-feminina-de-Andebol.jpg\"\n\t\t\t\t\t\tdata-qtmplayer-file=\"https:\/\/rna.ao\/rna.ao\/wp-content\/uploads\/2023\/11\/P-J-1-ISABEL-GUIALO-08-11-23.mp3\"\n\t\t\t\t\t\tdata-qtmplayer-title=\"Campe\u00e3s africanas de andebol voltam a trabalhar hoje na Arena do Kilamba\"\n\t\t\t\t\t\tdata-qtmplayer-artist=\"RNA\"\n\t\t\t\t\t\tdata-qtmplayer-link=\"https:\/\/rna.ao\/rna.ao\/2023\/11\/08\/campeas-africanas-de-andebol-voltam-a-trabalhar-hoje-na-arena-do-kilamba\/\"\n\t\t\t\t\t\tdata-qtmplayer-icon=\"file_download\"\n\t\t\t\t\t\tdata-qtmplayer-type=\"track\"\n\t\t\t class=\"qtmplayer-play qtmplayer-link-sec qtmplayer-play-btn\"><i class='material-icons'>play_arrow<\/i><\/span>\n\t\t<p>\n\t\t\t<span class=\"qtmplayer-tit\">Campe\u00e3s africanas de andebol voltam a trabalhar hoje na Arena do Kilamba<\/span>\n\t\t\t<span class=\"qtmplayer-art\">RNA<\/span>\n\t\t<\/p>\n\t<\/li>\n\t\t<\/ul>\n\t<\/div>\t\t\t\n\t\n<p>Angola, figura no grupo D, com as selec\u00e7\u00f5es da Fran\u00e7a, Eslov\u00e9nia e Isl\u00e2ndia.<\/p>\n<\/div>\n","protected":false},"excerpt":{"rendered":"<p>A selec\u00e7\u00e3o nacional s\u00e9nior feminina de Andebol, realiza hoje, 8 de Novembro, sess\u00e3o \u00fanica \u00e0s 7 horas no Pavilh\u00e3o Arena do Kilamba, no quadro da prepara\u00e7\u00e3o visando o mundial da Dinamarca, Noruega e Su\u00e9cia. Isabel Guialo \u00e9 a voz de um grupo determinado para as pr\u00f3ximas empreitadas. Clique no \u00e1udio ...<\/p>\n","protected":false},"author":8,"featured_media":120570,"comment_status":"closed","ping_status":"closed","sticky":false,"template":"","format":"standard","meta":[],"categories":[145,125,164],"tags":[],"_links":{"self":[{"href":"https:\/\/rna.ao\/rna.ao\/wp-json\/wp\/v2\/posts\/122151"}],"collection":[{"href":"https:\/\/rna.ao\/rna.ao\/wp-json\/wp\/v2\/posts"}],"about":[{"href":"https:\/\/rna.ao\/rna.ao\/wp-json\/wp\/v2\/types\/post"}],"author":[{"embeddable":true,"href":"https:\/\/rna.ao\/rna.ao\/wp-json\/wp\/v2\/users\/8"}],"replies":[{"embeddable":true,"href":"https:\/\/rna.ao\/rna.ao\/wp-json\/wp\/v2\/comments?post=122151"}],"version-history":[{"count":3,"href":"https:\/\/rna.ao\/rna.ao\/wp-json\/wp\/v2\/posts\/122151\/revisions"}],"predecessor-version":[{"id":122175,"href":"https:\/\/rna.ao\/rna.ao\/wp-json\/wp\/v2\/posts\/122151\/revisions\/122175"}],"wp:featuredmedia":[{"embeddable":true,"href":"https:\/\/rna.ao\/rna.ao\/wp-json\/wp\/v2\/media\/120570"}],"wp:attachment":[{"href":"https:\/\/rna.ao\/rna.ao\/wp-json\/wp\/v2\/media?parent=122151"}],"wp:term":[{"taxonomy":"category","embeddable":true,"href":"https:\/\/rna.ao\/rna.ao\/wp-json\/wp\/v2\/categories?post=122151"},{"taxonomy":"post_tag","embeddable":true,"href":"https:\/\/rna.ao\/rna.ao\/wp-json\/wp\/v2\/tags?post=122151"}],"curies":[{"name":"wp","href":"https:\/\/api.w.org\/{rel}","templated":true}]}}