{"id":122144,"date":"2023-11-08T08:53:44","date_gmt":"2023-11-08T07:53:44","guid":{"rendered":"https:\/\/rna.ao\/rna.ao\/?p=122144"},"modified":"2023-11-08T08:53:44","modified_gmt":"2023-11-08T07:53:44","slug":"bienal-de-luanda-preparativos-continuam-a-bom-ritmo","status":"publish","type":"post","link":"https:\/\/rna.ao\/rna.ao\/2023\/11\/08\/bienal-de-luanda-preparativos-continuam-a-bom-ritmo\/","title":{"rendered":"Bienal de Luanda: Preparativos continuam a bom ritmo"},"content":{"rendered":"<p><img loading=\"lazy\" class=\"size-full wp-image-104267 alignleft\" src=\"https:\/\/rna.ao\/rna.ao\/wp-content\/uploads\/2023\/05\/Bienal-de-Luanda-1.jpg\" alt=\"\" width=\"288\" height=\"204\" \/>O governo angolano mant\u00e9m o ritmo de trabalho para ter tudo OK na edi\u00e7\u00e3o deste ano da Bienal de Luanda. O f\u00f3rum que vai ter o foco na educa\u00e7\u00e3o, cultura de paz e cidadania africana tem os seus preparativos, bem encaminhado. A organiza\u00e7\u00e3o acredita que a data da sua realiza\u00e7\u00e3o, estar\u00e3o reunidas as condi\u00e7\u00f5es projectadas.\u00a0 Clique, no \u00e1udio abaixo, e saiba mais com a jornalista Aurora Ambriz:<\/p>\n\t<div class=\"qtmplayer-playlist-large\">\n\t\t<ul class=\"qtmplayer-playlist\">\n\t\t\t\n\t\t\t\t\t<li class=\"qtmplayer-trackitem\">\n\t\t<img src=\"https:\/\/rna.ao\/rna.ao\/wp-content\/uploads\/2023\/11\/Neto-Juinor-100x100.jpg\" alt=\"cover\">\t\t<span \t\t\tdata-qtmplayer-cover=\"https:\/\/rna.ao\/rna.ao\/wp-content\/uploads\/2023\/11\/Neto-Juinor.jpg\"\n\t\t\t\t\t\tdata-qtmplayer-file=\"https:\/\/rna.ao\/rna.ao\/wp-content\/uploads\/2023\/11\/AURORA-AMBRIZ-07-HRS.mp3\"\n\t\t\t\t\t\tdata-qtmplayer-title=\"Bienal de Luanda: Preparativos continuam a bom ritmo\"\n\t\t\t\t\t\tdata-qtmplayer-artist=\"RNA\"\n\t\t\t\t\t\tdata-qtmplayer-link=\"https:\/\/rna.ao\/rna.ao\/2023\/11\/08\/bienal-de-luanda-preparativos-continuam-a-bom-ritmo\/\"\n\t\t\t\t\t\tdata-qtmplayer-icon=\"file_download\"\n\t\t\t\t\t\tdata-qtmplayer-type=\"track\"\n\t\t\t class=\"qtmplayer-play qtmplayer-link-sec qtmplayer-play-btn\"><i class='material-icons'>play_arrow<\/i><\/span>\n\t\t<p>\n\t\t\t<span class=\"qtmplayer-tit\">Bienal de Luanda: Preparativos continuam a bom ritmo<\/span>\n\t\t\t<span class=\"qtmplayer-art\">RNA<\/span>\n\t\t<\/p>\n\t<\/li>\n\t\t<\/ul>\n\t<\/div>\t\t\t\n\t\n","protected":false},"excerpt":{"rendered":"<p>O governo angolano mant\u00e9m o ritmo de trabalho para ter tudo OK na edi\u00e7\u00e3o deste ano da Bienal de Luanda. O f\u00f3rum que vai ter o foco na educa\u00e7\u00e3o, cultura de paz e cidadania africana tem os seus preparativos, bem encaminhado. A organiza\u00e7\u00e3o acredita que a data da sua realiza\u00e7\u00e3o, ...<\/p>\n","protected":false},"author":8,"featured_media":122148,"comment_status":"closed","ping_status":"closed","sticky":false,"template":"","format":"standard","meta":[],"categories":[142,121,164,163],"tags":[],"_links":{"self":[{"href":"https:\/\/rna.ao\/rna.ao\/wp-json\/wp\/v2\/posts\/122144"}],"collection":[{"href":"https:\/\/rna.ao\/rna.ao\/wp-json\/wp\/v2\/posts"}],"about":[{"href":"https:\/\/rna.ao\/rna.ao\/wp-json\/wp\/v2\/types\/post"}],"author":[{"embeddable":true,"href":"https:\/\/rna.ao\/rna.ao\/wp-json\/wp\/v2\/users\/8"}],"replies":[{"embeddable":true,"href":"https:\/\/rna.ao\/rna.ao\/wp-json\/wp\/v2\/comments?post=122144"}],"version-history":[{"count":1,"href":"https:\/\/rna.ao\/rna.ao\/wp-json\/wp\/v2\/posts\/122144\/revisions"}],"predecessor-version":[{"id":122149,"href":"https:\/\/rna.ao\/rna.ao\/wp-json\/wp\/v2\/posts\/122144\/revisions\/122149"}],"wp:featuredmedia":[{"embeddable":true,"href":"https:\/\/rna.ao\/rna.ao\/wp-json\/wp\/v2\/media\/122148"}],"wp:attachment":[{"href":"https:\/\/rna.ao\/rna.ao\/wp-json\/wp\/v2\/media?parent=122144"}],"wp:term":[{"taxonomy":"category","embeddable":true,"href":"https:\/\/rna.ao\/rna.ao\/wp-json\/wp\/v2\/categories?post=122144"},{"taxonomy":"post_tag","embeddable":true,"href":"https:\/\/rna.ao\/rna.ao\/wp-json\/wp\/v2\/tags?post=122144"}],"curies":[{"name":"wp","href":"https:\/\/api.w.org\/{rel}","templated":true}]}}