{"id":122133,"date":"2023-11-08T08:37:24","date_gmt":"2023-11-08T07:37:24","guid":{"rendered":"https:\/\/rna.ao\/rna.ao\/?p=122133"},"modified":"2023-11-08T08:37:24","modified_gmt":"2023-11-08T07:37:24","slug":"cidadaos-portugueses-saudam-posicao-de-antonio-costa","status":"publish","type":"post","link":"https:\/\/rna.ao\/rna.ao\/2023\/11\/08\/cidadaos-portugueses-saudam-posicao-de-antonio-costa\/","title":{"rendered":"Cidad\u00e3os portugueses saudam posi\u00e7\u00e3o de Ant\u00f3nio Costa"},"content":{"rendered":"<p><img loading=\"lazy\" class=\" wp-image-122135\" src=\"https:\/\/rna.ao\/rna.ao\/wp-content\/uploads\/2023\/11\/image-770x434.jpg\" alt=\"\" width=\"390\" height=\"220\" srcset=\"https:\/\/rna.ao\/rna.ao\/wp-content\/uploads\/2023\/11\/image-770x434.jpg 770w, https:\/\/rna.ao\/rna.ao\/wp-content\/uploads\/2023\/11\/image-768x433.jpg 768w, https:\/\/rna.ao\/rna.ao\/wp-content\/uploads\/2023\/11\/image.jpg 799w\" sizes=\"(max-width: 390px) 100vw, 390px\" \/><\/p>\n<p>Os cidad\u00e3os portugueses, saudaram a posi\u00e7\u00e3o de Ant\u00f3nio Costa em pedir demiss\u00e3o, apesar de ainda ser inocente at\u00e9 prova contr\u00e1rio. Ouvidos em exclusivo pala RNA, os portugueses dizem que agora cabe ao Presidente Marcelo Rebelo de Sousa e a Assembleia da Rep\u00fablica seguir os passos para a formaliza\u00e7\u00e3o da demiss\u00e3o. Clique, no \u00e1udio abaixo, e saiba mais com o jornalista Teresa Bai\u00e3o a partir de Lisboa\/Portugal:<\/p>\n\t<div class=\"qtmplayer-playlist-large\">\n\t\t<ul class=\"qtmplayer-playlist\">\n\t\t\t\n\t\t\t\t\t<li class=\"qtmplayer-trackitem\">\n\t\t<img src=\"https:\/\/rna.ao\/rna.ao\/wp-content\/uploads\/2023\/11\/image-100x100.jpg\" alt=\"cover\">\t\t<span \t\t\tdata-qtmplayer-cover=\"https:\/\/rna.ao\/rna.ao\/wp-content\/uploads\/2023\/11\/image-370x370.jpg\"\n\t\t\t\t\t\tdata-qtmplayer-file=\"https:\/\/rna.ao\/rna.ao\/wp-content\/uploads\/2023\/11\/TERESA-BAIAO-20-HRS.mp3\"\n\t\t\t\t\t\tdata-qtmplayer-title=\"Cidad\u00e3os portugueses saudam posi\u00e7\u00e3o de Ant\u00f3nio Costa\"\n\t\t\t\t\t\tdata-qtmplayer-artist=\"RNA\"\n\t\t\t\t\t\tdata-qtmplayer-link=\"https:\/\/rna.ao\/rna.ao\/2023\/11\/08\/cidadaos-portugueses-saudam-posicao-de-antonio-costa\/\"\n\t\t\t\t\t\tdata-qtmplayer-icon=\"file_download\"\n\t\t\t\t\t\tdata-qtmplayer-type=\"track\"\n\t\t\t class=\"qtmplayer-play qtmplayer-link-sec qtmplayer-play-btn\"><i class='material-icons'>play_arrow<\/i><\/span>\n\t\t<p>\n\t\t\t<span class=\"qtmplayer-tit\">Cidad\u00e3os portugueses saudam posi\u00e7\u00e3o de Ant\u00f3nio Costa<\/span>\n\t\t\t<span class=\"qtmplayer-art\">RNA<\/span>\n\t\t<\/p>\n\t<\/li>\n\t\t<\/ul>\n\t<\/div>\t\t\t\n\t\n","protected":false},"excerpt":{"rendered":"<p>Os cidad\u00e3os portugueses, saudaram a posi\u00e7\u00e3o de Ant\u00f3nio Costa em pedir demiss\u00e3o, apesar de ainda ser inocente at\u00e9 prova contr\u00e1rio. Ouvidos em exclusivo pala RNA, os portugueses dizem que agora cabe ao Presidente Marcelo Rebelo de Sousa e a Assembleia da Rep\u00fablica seguir os passos para a formaliza\u00e7\u00e3o da demiss\u00e3o. ...<\/p>\n","protected":false},"author":8,"featured_media":122135,"comment_status":"closed","ping_status":"closed","sticky":false,"template":"","format":"standard","meta":[],"categories":[143,137],"tags":[],"_links":{"self":[{"href":"https:\/\/rna.ao\/rna.ao\/wp-json\/wp\/v2\/posts\/122133"}],"collection":[{"href":"https:\/\/rna.ao\/rna.ao\/wp-json\/wp\/v2\/posts"}],"about":[{"href":"https:\/\/rna.ao\/rna.ao\/wp-json\/wp\/v2\/types\/post"}],"author":[{"embeddable":true,"href":"https:\/\/rna.ao\/rna.ao\/wp-json\/wp\/v2\/users\/8"}],"replies":[{"embeddable":true,"href":"https:\/\/rna.ao\/rna.ao\/wp-json\/wp\/v2\/comments?post=122133"}],"version-history":[{"count":1,"href":"https:\/\/rna.ao\/rna.ao\/wp-json\/wp\/v2\/posts\/122133\/revisions"}],"predecessor-version":[{"id":122138,"href":"https:\/\/rna.ao\/rna.ao\/wp-json\/wp\/v2\/posts\/122133\/revisions\/122138"}],"wp:featuredmedia":[{"embeddable":true,"href":"https:\/\/rna.ao\/rna.ao\/wp-json\/wp\/v2\/media\/122135"}],"wp:attachment":[{"href":"https:\/\/rna.ao\/rna.ao\/wp-json\/wp\/v2\/media?parent=122133"}],"wp:term":[{"taxonomy":"category","embeddable":true,"href":"https:\/\/rna.ao\/rna.ao\/wp-json\/wp\/v2\/categories?post=122133"},{"taxonomy":"post_tag","embeddable":true,"href":"https:\/\/rna.ao\/rna.ao\/wp-json\/wp\/v2\/tags?post=122133"}],"curies":[{"name":"wp","href":"https:\/\/api.w.org\/{rel}","templated":true}]}}