{"id":120782,"date":"2023-10-27T07:24:09","date_gmt":"2023-10-27T06:24:09","guid":{"rendered":"https:\/\/rna.ao\/rna.ao\/?p=120782"},"modified":"2023-10-27T07:24:09","modified_gmt":"2023-10-27T06:24:09","slug":"industria-de-rochas-ornamentais-deve-contribuir-mais-no-desenvolvimento-socioeconomico-do-pais","status":"publish","type":"post","link":"https:\/\/rna.ao\/rna.ao\/2023\/10\/27\/industria-de-rochas-ornamentais-deve-contribuir-mais-no-desenvolvimento-socioeconomico-do-pais\/","title":{"rendered":"Ind\u00fastria de Rochas Ornamentais deve contribuir mais no desenvolvimento socioecon\u00f3mico do pa\u00eds"},"content":{"rendered":"<p><img loading=\"lazy\" class=\"size-medium wp-image-120788 aligncenter\" src=\"https:\/\/rna.ao\/rna.ao\/wp-content\/uploads\/2023\/10\/Rochas-ornamentais-workshop-770x510.jpg\" alt=\"\" width=\"770\" height=\"510\" srcset=\"https:\/\/rna.ao\/rna.ao\/wp-content\/uploads\/2023\/10\/Rochas-ornamentais-workshop-770x510.jpg 770w, https:\/\/rna.ao\/rna.ao\/wp-content\/uploads\/2023\/10\/Rochas-ornamentais-workshop-1170x774.jpg 1170w, https:\/\/rna.ao\/rna.ao\/wp-content\/uploads\/2023\/10\/Rochas-ornamentais-workshop-768x508.jpg 768w, https:\/\/rna.ao\/rna.ao\/wp-content\/uploads\/2023\/10\/Rochas-ornamentais-workshop.jpg 1280w\" sizes=\"(max-width: 770px) 100vw, 770px\" \/>Mais de quarenta empresas, entre nacionais e estrangeiras, participam no workshop e exposi\u00e7\u00e3o de rochas ornamentais, aberto quinta-feira (26\/10) na Prov\u00edncia da Hu\u00edla.<\/p>\n<p>A exposi\u00e7\u00e3o est\u00e1 a servir para troca de experi\u00eancia, sobre o processo de extrac\u00e7\u00e3o, transporte e exporta\u00e7\u00e3o de rochas ornamentais. Ou\u00e7a, no \u00e1udio abaixo, mais dados com o rep\u00f3rter Severino de Jesus:<\/p>\n\t<div class=\"qtmplayer-playlist-large\">\n\t\t<ul class=\"qtmplayer-playlist\">\n\t\t\t\n\t\t\t\t\t<li class=\"qtmplayer-trackitem\">\n\t\t<img src=\"https:\/\/rna.ao\/rna.ao\/wp-content\/uploads\/2023\/10\/Diamantino-Azevedo-1-100x100.jpg\" alt=\"cover\">\t\t<span \t\t\tdata-qtmplayer-cover=\"https:\/\/rna.ao\/rna.ao\/wp-content\/uploads\/2023\/10\/Diamantino-Azevedo-1.jpg\"\n\t\t\t\t\t\tdata-qtmplayer-file=\"https:\/\/rna.ao\/rna.ao\/wp-content\/uploads\/2023\/10\/HUILA-ROCHAS-07HRS.mp3\"\n\t\t\t\t\t\tdata-qtmplayer-title=\"Ind\u00fastria de Rochas Ornamentais deve contribuir mais no desenvolvimento socioecon\u00f3mico do pa\u00eds\"\n\t\t\t\t\t\tdata-qtmplayer-artist=\"RNA\"\n\t\t\t\t\t\tdata-qtmplayer-link=\"https:\/\/rna.ao\/rna.ao\/2023\/10\/27\/industria-de-rochas-ornamentais-deve-contribuir-mais-no-desenvolvimento-socioeconomico-do-pais\/\"\n\t\t\t\t\t\tdata-qtmplayer-icon=\"file_download\"\n\t\t\t\t\t\tdata-qtmplayer-type=\"track\"\n\t\t\t class=\"qtmplayer-play qtmplayer-link-sec qtmplayer-play-btn\"><i class='material-icons'>play_arrow<\/i><\/span>\n\t\t<p>\n\t\t\t<span class=\"qtmplayer-tit\">Ind\u00fastria de Rochas Ornamentais deve contribuir mais no desenvolvimento socioecon\u00f3mico do pa\u00eds<\/span>\n\t\t\t<span class=\"qtmplayer-art\">RNA<\/span>\n\t\t<\/p>\n\t<\/li>\n\t\t<\/ul>\n\t<\/div>\t\t\t\n\t\n<p>Fonte: RNA<\/p>\n","protected":false},"excerpt":{"rendered":"<p>Mais de quarenta empresas, entre nacionais e estrangeiras, participam no workshop e exposi\u00e7\u00e3o de rochas ornamentais, aberto quinta-feira (26\/10) na Prov\u00edncia da Hu\u00edla. A exposi\u00e7\u00e3o est\u00e1 a servir para troca de experi\u00eancia, sobre o processo de extrac\u00e7\u00e3o, transporte e exporta\u00e7\u00e3o de rochas ornamentais. Ou\u00e7a, no \u00e1udio abaixo, mais dados com ...<\/p>\n","protected":false},"author":8,"featured_media":120789,"comment_status":"closed","ping_status":"closed","sticky":false,"template":"","format":"standard","meta":[],"categories":[121,163],"tags":[],"_links":{"self":[{"href":"https:\/\/rna.ao\/rna.ao\/wp-json\/wp\/v2\/posts\/120782"}],"collection":[{"href":"https:\/\/rna.ao\/rna.ao\/wp-json\/wp\/v2\/posts"}],"about":[{"href":"https:\/\/rna.ao\/rna.ao\/wp-json\/wp\/v2\/types\/post"}],"author":[{"embeddable":true,"href":"https:\/\/rna.ao\/rna.ao\/wp-json\/wp\/v2\/users\/8"}],"replies":[{"embeddable":true,"href":"https:\/\/rna.ao\/rna.ao\/wp-json\/wp\/v2\/comments?post=120782"}],"version-history":[{"count":1,"href":"https:\/\/rna.ao\/rna.ao\/wp-json\/wp\/v2\/posts\/120782\/revisions"}],"predecessor-version":[{"id":120790,"href":"https:\/\/rna.ao\/rna.ao\/wp-json\/wp\/v2\/posts\/120782\/revisions\/120790"}],"wp:featuredmedia":[{"embeddable":true,"href":"https:\/\/rna.ao\/rna.ao\/wp-json\/wp\/v2\/media\/120789"}],"wp:attachment":[{"href":"https:\/\/rna.ao\/rna.ao\/wp-json\/wp\/v2\/media?parent=120782"}],"wp:term":[{"taxonomy":"category","embeddable":true,"href":"https:\/\/rna.ao\/rna.ao\/wp-json\/wp\/v2\/categories?post=120782"},{"taxonomy":"post_tag","embeddable":true,"href":"https:\/\/rna.ao\/rna.ao\/wp-json\/wp\/v2\/tags?post=120782"}],"curies":[{"name":"wp","href":"https:\/\/api.w.org\/{rel}","templated":true}]}}