{"id":120780,"date":"2023-10-27T07:12:14","date_gmt":"2023-10-27T06:12:14","guid":{"rendered":"https:\/\/rna.ao\/rna.ao\/?p=120780"},"modified":"2023-10-27T07:12:14","modified_gmt":"2023-10-27T06:12:14","slug":"corredor-do-lobito-vai-contribuir-para-o-aumento-e-valorizacao-das-trocas-comerciais-interafricanas","status":"publish","type":"post","link":"https:\/\/rna.ao\/rna.ao\/2023\/10\/27\/corredor-do-lobito-vai-contribuir-para-o-aumento-e-valorizacao-das-trocas-comerciais-interafricanas\/","title":{"rendered":"Corredor do Lobito vai contribuir para o aumento e valoriza\u00e7\u00e3o das trocas comerciais interafricanas"},"content":{"rendered":"<p><img loading=\"lazy\" class=\" wp-image-120784 aligncenter\" src=\"https:\/\/rna.ao\/rna.ao\/wp-content\/uploads\/2023\/10\/Jose-de-Lima-Massano-2.jpg\" alt=\"\" width=\"656\" height=\"368\" \/>Um Memorando de Entendimento para a mobiliza\u00e7\u00e3o de recursos financeiros, destinados a acelerar o desenvolvimento do Corredor do Lobito foi assinado quinta-feira (26\/10), em Bruxelas &#8211; capital do Reino da B\u00e9lgica.<\/p>\n<p>Por Angola assinou o ministro de Estado para Coordena\u00e7\u00e3o Econ\u00f3mica, Jos\u00e9 de Lima Massano. O Memorando de Entendimento descreve a colabora\u00e7\u00e3o entre os diferentes parceiros envolvidos, e define as fun\u00e7\u00f5es e os objectivos para o desenvolvimento do Corredor do Lobito. saiba mais, no \u00e1udio abaixo, com o jornalista Manuel Esperan\u00e7a:<\/p>\n\t<div class=\"qtmplayer-playlist-large\">\n\t\t<ul class=\"qtmplayer-playlist\">\n\t\t\t\n\t\t\t\t\t<li class=\"qtmplayer-trackitem\">\n\t\t<img src=\"https:\/\/rna.ao\/rna.ao\/wp-content\/uploads\/2023\/10\/Jose-de-Lima-Massano-1-1-100x100.jpg\" alt=\"cover\">\t\t<span \t\t\tdata-qtmplayer-cover=\"https:\/\/rna.ao\/rna.ao\/wp-content\/uploads\/2023\/10\/Jose-de-Lima-Massano-1-1.jpg\"\n\t\t\t\t\t\tdata-qtmplayer-file=\"https:\/\/rna.ao\/rna.ao\/wp-content\/uploads\/2023\/10\/MANUEL-ESPERANCA-07HRS-1.mp3\"\n\t\t\t\t\t\tdata-qtmplayer-title=\"Corredor do Lobito vai contribuir para o aumento e valoriza\u00e7\u00e3o das trocas comerciais interafricanas\"\n\t\t\t\t\t\tdata-qtmplayer-artist=\"RNA\"\n\t\t\t\t\t\tdata-qtmplayer-link=\"https:\/\/rna.ao\/rna.ao\/2023\/10\/27\/corredor-do-lobito-vai-contribuir-para-o-aumento-e-valorizacao-das-trocas-comerciais-interafricanas\/\"\n\t\t\t\t\t\tdata-qtmplayer-icon=\"file_download\"\n\t\t\t\t\t\tdata-qtmplayer-type=\"track\"\n\t\t\t class=\"qtmplayer-play qtmplayer-link-sec qtmplayer-play-btn\"><i class='material-icons'>play_arrow<\/i><\/span>\n\t\t<p>\n\t\t\t<span class=\"qtmplayer-tit\">Corredor do Lobito vai contribuir para o aumento e valoriza\u00e7\u00e3o das trocas comerciais interafricanas<\/span>\n\t\t\t<span class=\"qtmplayer-art\">RNA<\/span>\n\t\t<\/p>\n\t<\/li>\n\t\t<\/ul>\n\t<\/div>\t\t\t\n\t\n<p>Fonte: RNA<\/p>\n","protected":false},"excerpt":{"rendered":"<p>Um Memorando de Entendimento para a mobiliza\u00e7\u00e3o de recursos financeiros, destinados a acelerar o desenvolvimento do Corredor do Lobito foi assinado quinta-feira (26\/10), em Bruxelas &#8211; capital do Reino da B\u00e9lgica. Por Angola assinou o ministro de Estado para Coordena\u00e7\u00e3o Econ\u00f3mica, Jos\u00e9 de Lima Massano. O Memorando de Entendimento descreve ...<\/p>\n","protected":false},"author":8,"featured_media":120785,"comment_status":"closed","ping_status":"closed","sticky":false,"template":"","format":"standard","meta":[],"categories":[142,121,163],"tags":[],"_links":{"self":[{"href":"https:\/\/rna.ao\/rna.ao\/wp-json\/wp\/v2\/posts\/120780"}],"collection":[{"href":"https:\/\/rna.ao\/rna.ao\/wp-json\/wp\/v2\/posts"}],"about":[{"href":"https:\/\/rna.ao\/rna.ao\/wp-json\/wp\/v2\/types\/post"}],"author":[{"embeddable":true,"href":"https:\/\/rna.ao\/rna.ao\/wp-json\/wp\/v2\/users\/8"}],"replies":[{"embeddable":true,"href":"https:\/\/rna.ao\/rna.ao\/wp-json\/wp\/v2\/comments?post=120780"}],"version-history":[{"count":1,"href":"https:\/\/rna.ao\/rna.ao\/wp-json\/wp\/v2\/posts\/120780\/revisions"}],"predecessor-version":[{"id":120786,"href":"https:\/\/rna.ao\/rna.ao\/wp-json\/wp\/v2\/posts\/120780\/revisions\/120786"}],"wp:featuredmedia":[{"embeddable":true,"href":"https:\/\/rna.ao\/rna.ao\/wp-json\/wp\/v2\/media\/120785"}],"wp:attachment":[{"href":"https:\/\/rna.ao\/rna.ao\/wp-json\/wp\/v2\/media?parent=120780"}],"wp:term":[{"taxonomy":"category","embeddable":true,"href":"https:\/\/rna.ao\/rna.ao\/wp-json\/wp\/v2\/categories?post=120780"},{"taxonomy":"post_tag","embeddable":true,"href":"https:\/\/rna.ao\/rna.ao\/wp-json\/wp\/v2\/tags?post=120780"}],"curies":[{"name":"wp","href":"https:\/\/api.w.org\/{rel}","templated":true}]}}