{"id":120772,"date":"2023-10-27T05:07:11","date_gmt":"2023-10-27T04:07:11","guid":{"rendered":"https:\/\/rna.ao\/rna.ao\/?p=120772"},"modified":"2023-10-27T06:37:15","modified_gmt":"2023-10-27T05:37:15","slug":"kikuxi-villas-club-acolhe-circuito-internacional-de-tenis-em-novembro","status":"publish","type":"post","link":"https:\/\/rna.ao\/rna.ao\/2023\/10\/27\/kikuxi-villas-club-acolhe-circuito-internacional-de-tenis-em-novembro\/","title":{"rendered":"Kikuxi Villas Club acolhe circuito internacional de t\u00e9nis em Novembro"},"content":{"rendered":"<p style=\"font-weight: 400;\"><img loading=\"lazy\" class=\" wp-image-27901 aligncenter\" src=\"https:\/\/rna.ao\/rna.ao\/wp-content\/uploads\/2021\/06\/Tenis-de-campo.jpg\" alt=\"\" width=\"906\" height=\"500\" \/>Luanda acolhe o primeiro circuito internacional de t\u00e9nis. A competi\u00e7\u00e3o acontece no Kikuxi Vilas Clabe de 6 a 17 de Novembro, e vai reunir tenistas dos escal\u00f5es em juniores.<\/p>\n<p style=\"font-weight: 400;\">Platini Mendes, Presidente da Federa\u00e7\u00e3o Angolana de T\u00e9nis, assegura que o nosso pa\u00eds estar\u00e1 representado com os tenistas melhor cotados. Clique no \u00e1udio e ou\u00e7a:<\/p>\n\t<div class=\"qtmplayer-playlist-large\">\n\t\t<ul class=\"qtmplayer-playlist\">\n\t\t\t\n\t\t\t\t\t<li class=\"qtmplayer-trackitem\">\n\t\t<img src=\"https:\/\/rna.ao\/rna.ao\/wp-content\/uploads\/2021\/06\/Tenis-de-campo-100x100.jpg\" alt=\"cover\">\t\t<span \t\t\tdata-qtmplayer-cover=\"https:\/\/rna.ao\/rna.ao\/wp-content\/uploads\/2021\/06\/Tenis-de-campo.jpg\"\n\t\t\t\t\t\tdata-qtmplayer-file=\"https:\/\/rna.ao\/rna.ao\/wp-content\/uploads\/2023\/10\/6-PLATINE-MENDES-26-10-23.mp3\"\n\t\t\t\t\t\tdata-qtmplayer-title=\"Kikuxi Villas Club acolhe circuito internacional de t\u00e9nis em Novembro\"\n\t\t\t\t\t\tdata-qtmplayer-artist=\"RNA\"\n\t\t\t\t\t\tdata-qtmplayer-link=\"https:\/\/rna.ao\/rna.ao\/2023\/10\/27\/kikuxi-villas-club-acolhe-circuito-internacional-de-tenis-em-novembro\/\"\n\t\t\t\t\t\tdata-qtmplayer-icon=\"file_download\"\n\t\t\t\t\t\tdata-qtmplayer-type=\"track\"\n\t\t\t class=\"qtmplayer-play qtmplayer-link-sec qtmplayer-play-btn\"><i class='material-icons'>play_arrow<\/i><\/span>\n\t\t<p>\n\t\t\t<span class=\"qtmplayer-tit\">Kikuxi Villas Club acolhe circuito internacional de t\u00e9nis em Novembro<\/span>\n\t\t\t<span class=\"qtmplayer-art\">RNA<\/span>\n\t\t<\/p>\n\t<\/li>\n\t\t<\/ul>\n\t<\/div>\t\t\t\n\t\n<p style=\"font-weight: 400;\">Saiba que, o circuito internacional da modalidade ir\u00e1 realizar-se sob responsabilidade da Federa\u00e7\u00e3o Internacional de T\u00e9nis.<\/p>\n<p>Fonte: R\u00e1dio 5\/RNA<\/p>\n","protected":false},"excerpt":{"rendered":"<p>Luanda acolhe o primeiro circuito internacional de t\u00e9nis. A competi\u00e7\u00e3o acontece no Kikuxi Vilas Clabe de 6 a 17 de Novembro, e vai reunir tenistas dos escal\u00f5es em juniores. Platini Mendes, Presidente da Federa\u00e7\u00e3o Angolana de T\u00e9nis, assegura que o nosso pa\u00eds estar\u00e1 representado com os tenistas melhor cotados. Clique ...<\/p>\n","protected":false},"author":8,"featured_media":27901,"comment_status":"closed","ping_status":"closed","sticky":false,"template":"","format":"standard","meta":[],"categories":[145,125,164],"tags":[],"_links":{"self":[{"href":"https:\/\/rna.ao\/rna.ao\/wp-json\/wp\/v2\/posts\/120772"}],"collection":[{"href":"https:\/\/rna.ao\/rna.ao\/wp-json\/wp\/v2\/posts"}],"about":[{"href":"https:\/\/rna.ao\/rna.ao\/wp-json\/wp\/v2\/types\/post"}],"author":[{"embeddable":true,"href":"https:\/\/rna.ao\/rna.ao\/wp-json\/wp\/v2\/users\/8"}],"replies":[{"embeddable":true,"href":"https:\/\/rna.ao\/rna.ao\/wp-json\/wp\/v2\/comments?post=120772"}],"version-history":[{"count":1,"href":"https:\/\/rna.ao\/rna.ao\/wp-json\/wp\/v2\/posts\/120772\/revisions"}],"predecessor-version":[{"id":120775,"href":"https:\/\/rna.ao\/rna.ao\/wp-json\/wp\/v2\/posts\/120772\/revisions\/120775"}],"wp:featuredmedia":[{"embeddable":true,"href":"https:\/\/rna.ao\/rna.ao\/wp-json\/wp\/v2\/media\/27901"}],"wp:attachment":[{"href":"https:\/\/rna.ao\/rna.ao\/wp-json\/wp\/v2\/media?parent=120772"}],"wp:term":[{"taxonomy":"category","embeddable":true,"href":"https:\/\/rna.ao\/rna.ao\/wp-json\/wp\/v2\/categories?post=120772"},{"taxonomy":"post_tag","embeddable":true,"href":"https:\/\/rna.ao\/rna.ao\/wp-json\/wp\/v2\/tags?post=120772"}],"curies":[{"name":"wp","href":"https:\/\/api.w.org\/{rel}","templated":true}]}}