{"id":120732,"date":"2023-10-27T05:28:06","date_gmt":"2023-10-27T04:28:06","guid":{"rendered":"https:\/\/rna.ao\/rna.ao\/?p=120732"},"modified":"2023-10-27T05:28:06","modified_gmt":"2023-10-27T04:28:06","slug":"sg-da-internacional-socialista-encoraja-oma-no-grandioso-trabalho-em-prol-da-sociedade","status":"publish","type":"post","link":"https:\/\/rna.ao\/rna.ao\/2023\/10\/27\/sg-da-internacional-socialista-encoraja-oma-no-grandioso-trabalho-em-prol-da-sociedade\/","title":{"rendered":"SG da Internacional Socialista encoraja OMA no &#8220;grandioso trabalho em prol da sociedade&#8221;"},"content":{"rendered":"<p><img loading=\"lazy\" class=\"size-medium wp-image-120741 aligncenter\" src=\"https:\/\/rna.ao\/rna.ao\/wp-content\/uploads\/2023\/10\/Bendicta-Lasi-Joana-Tomas-770x513.jpg\" alt=\"\" width=\"770\" height=\"513\" srcset=\"https:\/\/rna.ao\/rna.ao\/wp-content\/uploads\/2023\/10\/Bendicta-Lasi-Joana-Tomas-770x513.jpg 770w, https:\/\/rna.ao\/rna.ao\/wp-content\/uploads\/2023\/10\/Bendicta-Lasi-Joana-Tomas-1170x780.jpg 1170w, https:\/\/rna.ao\/rna.ao\/wp-content\/uploads\/2023\/10\/Bendicta-Lasi-Joana-Tomas-768x512.jpg 768w, https:\/\/rna.ao\/rna.ao\/wp-content\/uploads\/2023\/10\/Bendicta-Lasi-Joana-Tomas.jpg 1280w\" sizes=\"(max-width: 770px) 100vw, 770px\" \/>A Secret\u00e1ria-Geral da Internacional Socialista, Benedicta Lasi, est\u00e1 em Luanda a participar dos trabalhos da Uni\u00e3o Inter-Parlamentar, foi quinta-feira (26\/10) ao encontro da Secret\u00e1ria-Geral da Organiza\u00e7\u00e3o da Mulher Angola. Joana Tom\u00e1s.<\/p>\n<p>Benedicta Lasi eleogiou o n\u00edvel de paridade do g\u00e9nero existente no MPLA, e reconheceu que a mulher \u00e9 um factor de estabilidade das fam\u00edlias, apelando maior empoderamento das mesmas. Clique no \u00e1udio e ou\u00e7a:<\/p>\n\t<div class=\"qtmplayer-playlist-large\">\n\t\t<ul class=\"qtmplayer-playlist\">\n\t\t\t\n\t\t\t\t\t<li class=\"qtmplayer-trackitem\">\n\t\t<img src=\"https:\/\/rna.ao\/rna.ao\/wp-content\/uploads\/2023\/10\/Benedicta-Lasi-1-100x100.jpg\" alt=\"cover\">\t\t<span \t\t\tdata-qtmplayer-cover=\"https:\/\/rna.ao\/rna.ao\/wp-content\/uploads\/2023\/10\/Benedicta-Lasi-1.jpg\"\n\t\t\t\t\t\tdata-qtmplayer-file=\"https:\/\/rna.ao\/rna.ao\/wp-content\/uploads\/2023\/10\/BENEDITA-LASI-06-HRS.mp3\"\n\t\t\t\t\t\tdata-qtmplayer-title=\"SG da Internacional Socialista encoraja OMA no &#8220;grandioso trabalho em prol da sociedade&#8221;\"\n\t\t\t\t\t\tdata-qtmplayer-artist=\"RNA\"\n\t\t\t\t\t\tdata-qtmplayer-link=\"https:\/\/rna.ao\/rna.ao\/2023\/10\/27\/sg-da-internacional-socialista-encoraja-oma-no-grandioso-trabalho-em-prol-da-sociedade\/\"\n\t\t\t\t\t\tdata-qtmplayer-icon=\"file_download\"\n\t\t\t\t\t\tdata-qtmplayer-type=\"track\"\n\t\t\t class=\"qtmplayer-play qtmplayer-link-sec qtmplayer-play-btn\"><i class='material-icons'>play_arrow<\/i><\/span>\n\t\t<p>\n\t\t\t<span class=\"qtmplayer-tit\">SG da Internacional Socialista encoraja OMA no &#8220;grandioso trabalho em prol da sociedade&#8221;<\/span>\n\t\t\t<span class=\"qtmplayer-art\">RNA<\/span>\n\t\t<\/p>\n\t<\/li>\n\t\t<\/ul>\n\t<\/div>\t\t\t\n\t\n<p>&nbsp;<\/p>\n<p><img loading=\"lazy\" class=\"alignnone size-medium wp-image-120742\" src=\"https:\/\/rna.ao\/rna.ao\/wp-content\/uploads\/2023\/10\/Jona-Tomas-Benedicta-lasi-770x513.jpg\" alt=\"\" width=\"770\" height=\"513\" srcset=\"https:\/\/rna.ao\/rna.ao\/wp-content\/uploads\/2023\/10\/Jona-Tomas-Benedicta-lasi-770x513.jpg 770w, https:\/\/rna.ao\/rna.ao\/wp-content\/uploads\/2023\/10\/Jona-Tomas-Benedicta-lasi-1170x780.jpg 1170w, https:\/\/rna.ao\/rna.ao\/wp-content\/uploads\/2023\/10\/Jona-Tomas-Benedicta-lasi-768x512.jpg 768w, https:\/\/rna.ao\/rna.ao\/wp-content\/uploads\/2023\/10\/Jona-Tomas-Benedicta-lasi.jpg 1280w\" sizes=\"(max-width: 770px) 100vw, 770px\" \/><\/p>\n<p>Fonte: RNA<\/p>\n","protected":false},"excerpt":{"rendered":"<p>A Secret\u00e1ria-Geral da Internacional Socialista, Benedicta Lasi, est\u00e1 em Luanda a participar dos trabalhos da Uni\u00e3o Inter-Parlamentar, foi quinta-feira (26\/10) ao encontro da Secret\u00e1ria-Geral da Organiza\u00e7\u00e3o da Mulher Angola. Joana Tom\u00e1s. Benedicta Lasi eleogiou o n\u00edvel de paridade do g\u00e9nero existente no MPLA, e reconheceu que a mulher \u00e9 um ...<\/p>\n","protected":false},"author":8,"featured_media":120740,"comment_status":"closed","ping_status":"closed","sticky":false,"template":"","format":"standard","meta":[],"categories":[142,121,163],"tags":[],"_links":{"self":[{"href":"https:\/\/rna.ao\/rna.ao\/wp-json\/wp\/v2\/posts\/120732"}],"collection":[{"href":"https:\/\/rna.ao\/rna.ao\/wp-json\/wp\/v2\/posts"}],"about":[{"href":"https:\/\/rna.ao\/rna.ao\/wp-json\/wp\/v2\/types\/post"}],"author":[{"embeddable":true,"href":"https:\/\/rna.ao\/rna.ao\/wp-json\/wp\/v2\/users\/8"}],"replies":[{"embeddable":true,"href":"https:\/\/rna.ao\/rna.ao\/wp-json\/wp\/v2\/comments?post=120732"}],"version-history":[{"count":1,"href":"https:\/\/rna.ao\/rna.ao\/wp-json\/wp\/v2\/posts\/120732\/revisions"}],"predecessor-version":[{"id":120743,"href":"https:\/\/rna.ao\/rna.ao\/wp-json\/wp\/v2\/posts\/120732\/revisions\/120743"}],"wp:featuredmedia":[{"embeddable":true,"href":"https:\/\/rna.ao\/rna.ao\/wp-json\/wp\/v2\/media\/120740"}],"wp:attachment":[{"href":"https:\/\/rna.ao\/rna.ao\/wp-json\/wp\/v2\/media?parent=120732"}],"wp:term":[{"taxonomy":"category","embeddable":true,"href":"https:\/\/rna.ao\/rna.ao\/wp-json\/wp\/v2\/categories?post=120732"},{"taxonomy":"post_tag","embeddable":true,"href":"https:\/\/rna.ao\/rna.ao\/wp-json\/wp\/v2\/tags?post=120732"}],"curies":[{"name":"wp","href":"https:\/\/api.w.org\/{rel}","templated":true}]}}