{"id":120716,"date":"2023-10-26T13:44:46","date_gmt":"2023-10-26T12:44:46","guid":{"rendered":"https:\/\/rna.ao\/rna.ao\/?p=120716"},"modified":"2023-10-26T13:44:46","modified_gmt":"2023-10-26T12:44:46","slug":"embaixada-da-coreia-do-norte-anuncia-enceramento-da-sua-missao-diplomatica-em-angola","status":"publish","type":"post","link":"https:\/\/rna.ao\/rna.ao\/2023\/10\/26\/embaixada-da-coreia-do-norte-anuncia-enceramento-da-sua-missao-diplomatica-em-angola\/","title":{"rendered":"Embaixada da Coreia do Norte anuncia enceramento da sua miss\u00e3o diplom\u00e1tica em Angola"},"content":{"rendered":"<p><img loading=\"lazy\" class=\"size-full wp-image-104360 alignleft\" src=\"https:\/\/rna.ao\/rna.ao\/wp-content\/uploads\/2023\/05\/MIREX-edificio-sede-1.jpg\" alt=\"\" width=\"292\" height=\"169\" \/>A embaixada da Coreia do Norte anunciou o enceramento da sua miss\u00e3o diplom\u00e1tica em Angola.\u00a0O an\u00fancio foi feito por Jo Pyong Chol, at\u00e9 ent\u00e3o embaixador extraordin\u00e1rio e plenipotenci\u00e1rio daquele pa\u00eds em Angola, durante um encontro, nesta quarta-feira(25), com o Ministro das Rela\u00e7\u00f5es Exteriores de Angola, Tete Ant\u00f3nio. O embaixador Jo Pyong Chol foi a sede do Minist\u00e9rio das Rela\u00e7\u00f5es Exteriores despedir-se do chefe da diplomacia angolana, afirmando que por decis\u00e3o da sua capital, Pyongyang, a embaixada deste pa\u00eds asi\u00e1tico em Angola est\u00e1 encerrada e que o diplomata regressa ao seu pa\u00eds de origem. Na ocasi\u00e3o, o ministro Tete Ant\u00f3nio desejou ao embaixador norte-coreano sucessos no seu futuro profissional. O embaixador Jo Pyong Chol esteve em Angola durante cinco anos e as rela\u00e7\u00f5es entre os dois pa\u00edses tiveram inicio em 1975. Angola e a Coreia do Norte cooperam nos dom\u00ednios da sa\u00fade, constru\u00e7\u00e3o e informa\u00e7\u00e3o tecnol\u00f3gica.<\/p>\n","protected":false},"excerpt":{"rendered":"<p>A embaixada da Coreia do Norte anunciou o enceramento da sua miss\u00e3o diplom\u00e1tica em Angola.\u00a0O an\u00fancio foi feito por Jo Pyong Chol, at\u00e9 ent\u00e3o embaixador extraordin\u00e1rio e plenipotenci\u00e1rio daquele pa\u00eds em Angola, durante um encontro, nesta quarta-feira(25), com o Ministro das Rela\u00e7\u00f5es Exteriores de Angola, Tete Ant\u00f3nio. O embaixador Jo ...<\/p>\n","protected":false},"author":8,"featured_media":104359,"comment_status":"closed","ping_status":"closed","sticky":false,"template":"","format":"standard","meta":[],"categories":[142,121,163],"tags":[],"_links":{"self":[{"href":"https:\/\/rna.ao\/rna.ao\/wp-json\/wp\/v2\/posts\/120716"}],"collection":[{"href":"https:\/\/rna.ao\/rna.ao\/wp-json\/wp\/v2\/posts"}],"about":[{"href":"https:\/\/rna.ao\/rna.ao\/wp-json\/wp\/v2\/types\/post"}],"author":[{"embeddable":true,"href":"https:\/\/rna.ao\/rna.ao\/wp-json\/wp\/v2\/users\/8"}],"replies":[{"embeddable":true,"href":"https:\/\/rna.ao\/rna.ao\/wp-json\/wp\/v2\/comments?post=120716"}],"version-history":[{"count":1,"href":"https:\/\/rna.ao\/rna.ao\/wp-json\/wp\/v2\/posts\/120716\/revisions"}],"predecessor-version":[{"id":120717,"href":"https:\/\/rna.ao\/rna.ao\/wp-json\/wp\/v2\/posts\/120716\/revisions\/120717"}],"wp:featuredmedia":[{"embeddable":true,"href":"https:\/\/rna.ao\/rna.ao\/wp-json\/wp\/v2\/media\/104359"}],"wp:attachment":[{"href":"https:\/\/rna.ao\/rna.ao\/wp-json\/wp\/v2\/media?parent=120716"}],"wp:term":[{"taxonomy":"category","embeddable":true,"href":"https:\/\/rna.ao\/rna.ao\/wp-json\/wp\/v2\/categories?post=120716"},{"taxonomy":"post_tag","embeddable":true,"href":"https:\/\/rna.ao\/rna.ao\/wp-json\/wp\/v2\/tags?post=120716"}],"curies":[{"name":"wp","href":"https:\/\/api.w.org\/{rel}","templated":true}]}}