{"id":11967,"date":"2020-11-25T08:49:14","date_gmt":"2020-11-25T07:49:14","guid":{"rendered":"https:\/\/rna.ao\/rna.ao\/?p=11967"},"modified":"2020-11-25T08:49:14","modified_gmt":"2020-11-25T07:49:14","slug":"accoes-terroristas-em-cabo-delgado-pode-colocar-em-risco-a-estabilidade-da-regiao-austral-de-africa","status":"publish","type":"post","link":"https:\/\/rna.ao\/rna.ao\/2020\/11\/25\/accoes-terroristas-em-cabo-delgado-pode-colocar-em-risco-a-estabilidade-da-regiao-austral-de-africa\/","title":{"rendered":"AC\u00c7\u00d5ES TERRORISTAS EM CABO-DELGADO PODE COLOCAR EM RISCO A ESTABILIDADE DA REGI\u00c3O AUSTRAL DE \u00c1FRICA"},"content":{"rendered":"<p><img loading=\"lazy\" class=\"size-full wp-image-11969 alignleft\" src=\"https:\/\/rna.ao\/rna.ao\/wp-content\/uploads\/2020\/11\/Mocambique-tropa.jpg\" alt=\"\" width=\"240\" height=\"161\" \/>A situa\u00e7\u00e3o pol\u00edtico-militar na prov\u00edncia de cabo delgado em Mo\u00e7ambique continua a inspirar cuidados.<\/p>\n<p>Grupos terroristas desencadeiam o c\u00e3os com ataques sistem\u00e1ticos as popula\u00e7\u00f5es civis daquela localidade, obrigando mesmo o governo, a solicitar ajuda da comunidade internacional para a conten\u00e7\u00e3o das ac\u00e7\u00f5es terroristas.<\/p>\n<p>De acordo com o Polit\u00f3logo angolano Dr. Lutina Santos, a junta militar dirigida por Mariano Yungo tem sido uma das causas de instabilidade naquela zona de Mo\u00e7ambique.<\/p>\n<p>Para o especialista em pol\u00edtica internacional, as duas alas do partido Renamo de um lado a chamada Renamo oficial liderado por Yussufo Mamad e de outro a junta militar de Mariano Yungo, n\u00e3o se entendem.<\/p>\n<p>Lutina Santos, diz que h\u00e1 necessidade de uma interven\u00e7\u00e3o africana naquela localidade mo\u00e7ambicana, sob pena da estabilidade reinante na regi\u00e3o austral correr risco.<\/p>\n\t<div class=\"qtmplayer-playlist-large\">\n\t\t<ul class=\"qtmplayer-playlist\">\n\t\t\t\n\t\t\t\t\t<li class=\"qtmplayer-trackitem\">\n\t\t<img src=\"https:\/\/rna.ao\/rna.ao\/wp-content\/uploads\/2020\/11\/Mocambique-tropa-100x100.jpg\" alt=\"cover\">\t\t<span \t\t\tdata-qtmplayer-cover=\"https:\/\/rna.ao\/rna.ao\/wp-content\/uploads\/2020\/11\/Mocambique-tropa.jpg\"\n\t\t\t\t\t\tdata-qtmplayer-file=\"https:\/\/rna.ao\/rna.ao\/wp-content\/uploads\/2020\/11\/PECA-SITUACAO-EM-MOCAMBIQUE.mp3\"\n\t\t\t\t\t\tdata-qtmplayer-title=\"AC\u00c7\u00d5ES TERRORISTAS EM CABO-DELGADO PODE COLOCAR EM RISCO A ESTABILIDADE DA REGI\u00c3O AUSTRAL DE \u00c1FRICA\"\n\t\t\t\t\t\tdata-qtmplayer-artist=\"RNA\"\n\t\t\t\t\t\tdata-qtmplayer-link=\"https:\/\/rna.ao\/rna.ao\/2020\/11\/25\/accoes-terroristas-em-cabo-delgado-pode-colocar-em-risco-a-estabilidade-da-regiao-austral-de-africa\/\"\n\t\t\t\t\t\tdata-qtmplayer-icon=\"file_download\"\n\t\t\t\t\t\tdata-qtmplayer-type=\"track\"\n\t\t\t class=\"qtmplayer-play qtmplayer-link-sec qtmplayer-play-btn\"><i class='material-icons'>play_arrow<\/i><\/span>\n\t\t<p>\n\t\t\t<span class=\"qtmplayer-tit\">AC\u00c7\u00d5ES TERRORISTAS EM CABO-DELGADO PODE COLOCAR EM RISCO A ESTABILIDADE DA REGI\u00c3O AUSTRAL DE \u00c1FRICA<\/span>\n\t\t\t<span class=\"qtmplayer-art\">RNA<\/span>\n\t\t<\/p>\n\t<\/li>\n\t\t<\/ul>\n\t<\/div>\t\t\t\n\t\n","protected":false},"excerpt":{"rendered":"<p>A situa\u00e7\u00e3o pol\u00edtico-militar na prov\u00edncia de cabo delgado em Mo\u00e7ambique continua a inspirar cuidados. Grupos terroristas desencadeiam o c\u00e3os com ataques sistem\u00e1ticos as popula\u00e7\u00f5es civis daquela localidade, obrigando mesmo o governo, a solicitar ajuda da comunidade internacional para a conten\u00e7\u00e3o das ac\u00e7\u00f5es terroristas. De acordo com o Polit\u00f3logo angolano Dr. ...<\/p>\n","protected":false},"author":8,"featured_media":11969,"comment_status":"closed","ping_status":"closed","sticky":false,"template":"","format":"standard","meta":[],"categories":[143,137],"tags":[],"_links":{"self":[{"href":"https:\/\/rna.ao\/rna.ao\/wp-json\/wp\/v2\/posts\/11967"}],"collection":[{"href":"https:\/\/rna.ao\/rna.ao\/wp-json\/wp\/v2\/posts"}],"about":[{"href":"https:\/\/rna.ao\/rna.ao\/wp-json\/wp\/v2\/types\/post"}],"author":[{"embeddable":true,"href":"https:\/\/rna.ao\/rna.ao\/wp-json\/wp\/v2\/users\/8"}],"replies":[{"embeddable":true,"href":"https:\/\/rna.ao\/rna.ao\/wp-json\/wp\/v2\/comments?post=11967"}],"version-history":[{"count":1,"href":"https:\/\/rna.ao\/rna.ao\/wp-json\/wp\/v2\/posts\/11967\/revisions"}],"predecessor-version":[{"id":11970,"href":"https:\/\/rna.ao\/rna.ao\/wp-json\/wp\/v2\/posts\/11967\/revisions\/11970"}],"wp:featuredmedia":[{"embeddable":true,"href":"https:\/\/rna.ao\/rna.ao\/wp-json\/wp\/v2\/media\/11969"}],"wp:attachment":[{"href":"https:\/\/rna.ao\/rna.ao\/wp-json\/wp\/v2\/media?parent=11967"}],"wp:term":[{"taxonomy":"category","embeddable":true,"href":"https:\/\/rna.ao\/rna.ao\/wp-json\/wp\/v2\/categories?post=11967"},{"taxonomy":"post_tag","embeddable":true,"href":"https:\/\/rna.ao\/rna.ao\/wp-json\/wp\/v2\/tags?post=11967"}],"curies":[{"name":"wp","href":"https:\/\/api.w.org\/{rel}","templated":true}]}}