{"id":11956,"date":"2020-11-25T08:35:07","date_gmt":"2020-11-25T07:35:07","guid":{"rendered":"https:\/\/rna.ao\/rna.ao\/?p=11956"},"modified":"2020-11-25T08:35:07","modified_gmt":"2020-11-25T07:35:07","slug":"le-chef-de-letat-manifeste-sa-volonte-de-voir-lagriculture-prendre-de-lampleur-en-angola","status":"publish","type":"post","link":"https:\/\/rna.ao\/rna.ao\/2020\/11\/25\/le-chef-de-letat-manifeste-sa-volonte-de-voir-lagriculture-prendre-de-lampleur-en-angola\/","title":{"rendered":"Le chef de l\u2019\u00e9tat manifeste sa volont\u00e9 de voir l\u2019agriculture prendre de l\u2019ampleur en Angola"},"content":{"rendered":"<p>Le chef de l\u2019\u00e9tat angolais,Jo\u00e3o Louren\u00e7o,a manifest\u00e9 sa volunt\u00e9 de voir un jour l\u2019agriculture prendre de l\u2019ampleur en Angola,selon l\u2019agronome Geraldo Basilua.<\/p>\n\t<div class=\"qtmplayer-playlist-large\">\n\t\t<ul class=\"qtmplayer-playlist\">\n\t\t\t\n\t\t\t\t\t<li class=\"qtmplayer-trackitem\">\n\t\t<img src=\"https:\/\/rna.ao\/rna.ao\/wp-content\/uploads\/2020\/10\/agricultor-100x100.jpg\" alt=\"cover\">\t\t<span \t\t\tdata-qtmplayer-cover=\"https:\/\/rna.ao\/rna.ao\/wp-content\/uploads\/2020\/10\/agricultor.jpg\"\n\t\t\t\t\t\tdata-qtmplayer-file=\"https:\/\/rna.ao\/rna.ao\/wp-content\/uploads\/2020\/11\/GERALDO-BASILUA-25-11-20.mp3\"\n\t\t\t\t\t\tdata-qtmplayer-title=\"Le chef de l\u2019\u00e9tat manifeste sa volont\u00e9 de voir l\u2019agriculture prendre de l\u2019ampleur en Angola\"\n\t\t\t\t\t\tdata-qtmplayer-artist=\"RNA\"\n\t\t\t\t\t\tdata-qtmplayer-link=\"https:\/\/rna.ao\/rna.ao\/2020\/11\/25\/le-chef-de-letat-manifeste-sa-volonte-de-voir-lagriculture-prendre-de-lampleur-en-angola\/\"\n\t\t\t\t\t\tdata-qtmplayer-icon=\"file_download\"\n\t\t\t\t\t\tdata-qtmplayer-type=\"track\"\n\t\t\t class=\"qtmplayer-play qtmplayer-link-sec qtmplayer-play-btn\"><i class='material-icons'>play_arrow<\/i><\/span>\n\t\t<p>\n\t\t\t<span class=\"qtmplayer-tit\">Le chef de l\u2019\u00e9tat manifeste sa volont\u00e9 de voir l\u2019agriculture prendre de l\u2019ampleur en Angola<\/span>\n\t\t\t<span class=\"qtmplayer-art\">RNA<\/span>\n\t\t<\/p>\n\t<\/li>\n\t\t<\/ul>\n\t<\/div>\t\t\t\n\t\n","protected":false},"excerpt":{"rendered":"<p>Le chef de l\u2019\u00e9tat angolais,Jo\u00e3o Louren\u00e7o,a manifest\u00e9 sa volunt\u00e9 de voir un jour l\u2019agriculture prendre de l\u2019ampleur en Angola,selon l\u2019agronome Geraldo Basilua.<\/p>\n","protected":false},"author":8,"featured_media":6287,"comment_status":"closed","ping_status":"closed","sticky":false,"template":"","format":"standard","meta":[],"categories":[143,137],"tags":[],"_links":{"self":[{"href":"https:\/\/rna.ao\/rna.ao\/wp-json\/wp\/v2\/posts\/11956"}],"collection":[{"href":"https:\/\/rna.ao\/rna.ao\/wp-json\/wp\/v2\/posts"}],"about":[{"href":"https:\/\/rna.ao\/rna.ao\/wp-json\/wp\/v2\/types\/post"}],"author":[{"embeddable":true,"href":"https:\/\/rna.ao\/rna.ao\/wp-json\/wp\/v2\/users\/8"}],"replies":[{"embeddable":true,"href":"https:\/\/rna.ao\/rna.ao\/wp-json\/wp\/v2\/comments?post=11956"}],"version-history":[{"count":1,"href":"https:\/\/rna.ao\/rna.ao\/wp-json\/wp\/v2\/posts\/11956\/revisions"}],"predecessor-version":[{"id":11958,"href":"https:\/\/rna.ao\/rna.ao\/wp-json\/wp\/v2\/posts\/11956\/revisions\/11958"}],"wp:featuredmedia":[{"embeddable":true,"href":"https:\/\/rna.ao\/rna.ao\/wp-json\/wp\/v2\/media\/6287"}],"wp:attachment":[{"href":"https:\/\/rna.ao\/rna.ao\/wp-json\/wp\/v2\/media?parent=11956"}],"wp:term":[{"taxonomy":"category","embeddable":true,"href":"https:\/\/rna.ao\/rna.ao\/wp-json\/wp\/v2\/categories?post=11956"},{"taxonomy":"post_tag","embeddable":true,"href":"https:\/\/rna.ao\/rna.ao\/wp-json\/wp\/v2\/tags?post=11956"}],"curies":[{"name":"wp","href":"https:\/\/api.w.org\/{rel}","templated":true}]}}