{"id":11945,"date":"2020-11-25T07:59:09","date_gmt":"2020-11-25T06:59:09","guid":{"rendered":"https:\/\/rna.ao\/rna.ao\/?p=11945"},"modified":"2020-11-25T10:24:18","modified_gmt":"2020-11-25T09:24:18","slug":"bastonaria-da-ordem-dos-medicos-aberta-ao-dialogo","status":"publish","type":"post","link":"https:\/\/rna.ao\/rna.ao\/2020\/11\/25\/bastonaria-da-ordem-dos-medicos-aberta-ao-dialogo\/","title":{"rendered":"Baston\u00e1ria da Ordem dos M\u00e9dicos aberta ao di\u00e1logo"},"content":{"rendered":"<p><img loading=\"lazy\" class=\"size-full wp-image-8517 alignleft\" src=\"https:\/\/rna.ao\/rna.ao\/wp-content\/uploads\/2020\/10\/Elisa-Gaspar.jpg\" alt=\"\" width=\"350\" height=\"250\" \/>A baston\u00e1ria da Ordem dos M\u00e9dicos de Angola, Elisa Gaspar, diz que est\u00e1 aberta ao di\u00e1logo, para p\u00f4r fim ao desentendimento que existe com alguns dos seus filiados, que exigem o seu afastamento da dire\u00e7\u00e3o.<\/p>\n<p>Elisa Gaspar, recorda que foi eleita democraticamente e que vai cumprir com o seu mandato. A respons\u00e1vel sublinhou que a sua gest\u00e3o na Ordem dos M\u00e9dicos pauta-se por rigor e transpar\u00eancia.<\/p>\n<p>A baston\u00e1ria considera infundadas as acusa\u00e7\u00f5es de desvio de fundos na Ordem. Clique no \u00e1udio, em baixo, e ou\u00e7a:<\/p>\n\t<div class=\"qtmplayer-playlist-large\">\n\t\t<ul class=\"qtmplayer-playlist\">\n\t\t\t\n\t\t\t\t\t<li class=\"qtmplayer-trackitem\">\n\t\t<img src=\"https:\/\/rna.ao\/rna.ao\/wp-content\/uploads\/2020\/10\/Elisa-Gaspar-6-100x100.jpg\" alt=\"cover\">\t\t<span \t\t\tdata-qtmplayer-cover=\"https:\/\/rna.ao\/rna.ao\/wp-content\/uploads\/2020\/10\/Elisa-Gaspar-6.jpg\"\n\t\t\t\t\t\tdata-qtmplayer-file=\"https:\/\/rna.ao\/rna.ao\/wp-content\/uploads\/2020\/11\/ELISA-GASPAR.mp3\"\n\t\t\t\t\t\tdata-qtmplayer-title=\"Baston\u00e1ria da Ordem dos M\u00e9dicos aberta ao di\u00e1logo\"\n\t\t\t\t\t\tdata-qtmplayer-artist=\"RNA\"\n\t\t\t\t\t\tdata-qtmplayer-link=\"https:\/\/rna.ao\/rna.ao\/2020\/11\/25\/bastonaria-da-ordem-dos-medicos-aberta-ao-dialogo\/\"\n\t\t\t\t\t\tdata-qtmplayer-icon=\"file_download\"\n\t\t\t\t\t\tdata-qtmplayer-type=\"track\"\n\t\t\t class=\"qtmplayer-play qtmplayer-link-sec qtmplayer-play-btn\"><i class='material-icons'>play_arrow<\/i><\/span>\n\t\t<p>\n\t\t\t<span class=\"qtmplayer-tit\">Baston\u00e1ria da Ordem dos M\u00e9dicos aberta ao di\u00e1logo<\/span>\n\t\t\t<span class=\"qtmplayer-art\">RNA<\/span>\n\t\t<\/p>\n\t<\/li>\n\t\t<\/ul>\n\t<\/div>\t\t\t\n\t\n<p>Fonte: RNA<\/p>\n","protected":false},"excerpt":{"rendered":"<p>A baston\u00e1ria da Ordem dos M\u00e9dicos de Angola, Elisa Gaspar, diz que est\u00e1 aberta ao di\u00e1logo, para p\u00f4r fim ao desentendimento que existe com alguns dos seus filiados, que exigem o seu afastamento da dire\u00e7\u00e3o. Elisa Gaspar, recorda que foi eleita democraticamente e que vai cumprir com o seu mandato. ...<\/p>\n","protected":false},"author":8,"featured_media":9342,"comment_status":"closed","ping_status":"closed","sticky":false,"template":"","format":"standard","meta":[],"categories":[121,164,163],"tags":[],"_links":{"self":[{"href":"https:\/\/rna.ao\/rna.ao\/wp-json\/wp\/v2\/posts\/11945"}],"collection":[{"href":"https:\/\/rna.ao\/rna.ao\/wp-json\/wp\/v2\/posts"}],"about":[{"href":"https:\/\/rna.ao\/rna.ao\/wp-json\/wp\/v2\/types\/post"}],"author":[{"embeddable":true,"href":"https:\/\/rna.ao\/rna.ao\/wp-json\/wp\/v2\/users\/8"}],"replies":[{"embeddable":true,"href":"https:\/\/rna.ao\/rna.ao\/wp-json\/wp\/v2\/comments?post=11945"}],"version-history":[{"count":4,"href":"https:\/\/rna.ao\/rna.ao\/wp-json\/wp\/v2\/posts\/11945\/revisions"}],"predecessor-version":[{"id":12015,"href":"https:\/\/rna.ao\/rna.ao\/wp-json\/wp\/v2\/posts\/11945\/revisions\/12015"}],"wp:featuredmedia":[{"embeddable":true,"href":"https:\/\/rna.ao\/rna.ao\/wp-json\/wp\/v2\/media\/9342"}],"wp:attachment":[{"href":"https:\/\/rna.ao\/rna.ao\/wp-json\/wp\/v2\/media?parent=11945"}],"wp:term":[{"taxonomy":"category","embeddable":true,"href":"https:\/\/rna.ao\/rna.ao\/wp-json\/wp\/v2\/categories?post=11945"},{"taxonomy":"post_tag","embeddable":true,"href":"https:\/\/rna.ao\/rna.ao\/wp-json\/wp\/v2\/tags?post=11945"}],"curies":[{"name":"wp","href":"https:\/\/api.w.org\/{rel}","templated":true}]}}