{"id":11936,"date":"2020-11-25T07:36:48","date_gmt":"2020-11-25T06:36:48","guid":{"rendered":"https:\/\/rna.ao\/rna.ao\/?p=11936"},"modified":"2020-11-25T10:30:26","modified_gmt":"2020-11-25T09:30:26","slug":"centro-de-estudos-da-uca-defende-autonomia-do-instituto-nacional-de-estatistica","status":"publish","type":"post","link":"https:\/\/rna.ao\/rna.ao\/2020\/11\/25\/centro-de-estudos-da-uca-defende-autonomia-do-instituto-nacional-de-estatistica\/","title":{"rendered":"Centro de Estudos da UCAN defende autonomia do Instituto Nacional de Estat\u00edstica"},"content":{"rendered":"<p><img loading=\"lazy\" class=\"size-full wp-image-10839 alignleft\" src=\"https:\/\/rna.ao\/rna.ao\/wp-content\/uploads\/2020\/11\/INE-edificio.jpg\" alt=\"\" width=\"300\" height=\"200\" \/>As estat\u00edsticas produzidas em Angola ainda est\u00e3o longe de ser fi\u00e1veis e de qualidade, para atrair potenciais investidores.<\/p>\n<p>De acordo com especialistas, os dados estat\u00edsticos nacionais, ainda sustentam muitas d\u00favidas para quem deseja trabalhar com eles.<\/p>\n<p>O investigador do Centro de Estudos da Universidade Cat\u00f3lica de Angola, T\u00e9urio Marcelo, afirma quer esta situa\u00e7\u00e3o s\u00f3 se resolve com a autonomia do Instituto Nacional de Estat\u00edstica (INE). Clique, abaixo, e ou\u00e7a:<\/p>\n\t<div class=\"qtmplayer-playlist-large\">\n\t\t<ul class=\"qtmplayer-playlist\">\n\t\t\t\n\t\t\t\t\t<li class=\"qtmplayer-trackitem\">\n\t\t<img src=\"https:\/\/rna.ao\/rna.ao\/wp-content\/uploads\/2020\/11\/INE-edificio-100x100.jpg\" alt=\"cover\">\t\t<span \t\t\tdata-qtmplayer-cover=\"https:\/\/rna.ao\/rna.ao\/wp-content\/uploads\/2020\/11\/INE-edificio.jpg\"\n\t\t\t\t\t\tdata-qtmplayer-file=\"https:\/\/rna.ao\/rna.ao\/wp-content\/uploads\/2020\/11\/TEURIO-MARCELO-07HRS.mp3\"\n\t\t\t\t\t\tdata-qtmplayer-title=\"Centro de Estudos da UCAN defende autonomia do Instituto Nacional de Estat\u00edstica\"\n\t\t\t\t\t\tdata-qtmplayer-artist=\"RNA\"\n\t\t\t\t\t\tdata-qtmplayer-link=\"https:\/\/rna.ao\/rna.ao\/2020\/11\/25\/centro-de-estudos-da-uca-defende-autonomia-do-instituto-nacional-de-estatistica\/\"\n\t\t\t\t\t\tdata-qtmplayer-icon=\"file_download\"\n\t\t\t\t\t\tdata-qtmplayer-type=\"track\"\n\t\t\t class=\"qtmplayer-play qtmplayer-link-sec qtmplayer-play-btn\"><i class='material-icons'>play_arrow<\/i><\/span>\n\t\t<p>\n\t\t\t<span class=\"qtmplayer-tit\">Centro de Estudos da UCAN defende autonomia do Instituto Nacional de Estat\u00edstica<\/span>\n\t\t\t<span class=\"qtmplayer-art\">RNA<\/span>\n\t\t<\/p>\n\t<\/li>\n\t\t<\/ul>\n\t<\/div>\t\t\t\n\t\n<p>J\u00e1 o economista e consultor econ\u00f3mico da Associa\u00e7\u00e3o dos Industriais de Angola, Carlos Miranda, avan\u00e7a que a falta de dados estat\u00edsticos fi\u00e1veis \u00e9 um dos factores que leva o executivo a falhar, muitas vezes, nas suas pol\u00edticas p\u00fablicas. Clique e ou\u00e7a:<\/p>\n\t<div class=\"qtmplayer-playlist-large\">\n\t\t<ul class=\"qtmplayer-playlist\">\n\t\t\t\n\t\t\t\t\t<li class=\"qtmplayer-trackitem\">\n\t\t<img src=\"https:\/\/rna.ao\/rna.ao\/wp-content\/uploads\/2020\/11\/INE-edificio-100x100.jpg\" alt=\"cover\">\t\t<span \t\t\tdata-qtmplayer-cover=\"https:\/\/rna.ao\/rna.ao\/wp-content\/uploads\/2020\/11\/INE-edificio.jpg\"\n\t\t\t\t\t\tdata-qtmplayer-file=\"https:\/\/rna.ao\/rna.ao\/wp-content\/uploads\/2020\/11\/CARLOS-MIRANDA-07HRS.mp3\"\n\t\t\t\t\t\tdata-qtmplayer-title=\"Centro de Estudos da UCAN defende autonomia do Instituto Nacional de Estat\u00edstica\"\n\t\t\t\t\t\tdata-qtmplayer-artist=\"RNA\"\n\t\t\t\t\t\tdata-qtmplayer-link=\"https:\/\/rna.ao\/rna.ao\/2020\/11\/25\/centro-de-estudos-da-uca-defende-autonomia-do-instituto-nacional-de-estatistica\/\"\n\t\t\t\t\t\tdata-qtmplayer-icon=\"file_download\"\n\t\t\t\t\t\tdata-qtmplayer-type=\"track\"\n\t\t\t class=\"qtmplayer-play qtmplayer-link-sec qtmplayer-play-btn\"><i class='material-icons'>play_arrow<\/i><\/span>\n\t\t<p>\n\t\t\t<span class=\"qtmplayer-tit\">Centro de Estudos da UCAN defende autonomia do Instituto Nacional de Estat\u00edstica<\/span>\n\t\t\t<span class=\"qtmplayer-art\">RNA<\/span>\n\t\t<\/p>\n\t<\/li>\n\t\t<\/ul>\n\t<\/div>\t\t\t\n\t\n<p>Por sua vez, o Chefe de Departamento de Estat\u00edstica do INE, Carlos Pedro, avan\u00e7a que o Instituto Nacional de Estat\u00edstica tem feito o seu melhor, para disponibilizar dados estat\u00edsticos de qualidade e fi\u00e1veis. Clique, abaixo, e ou\u00e7a:<\/p>\n\t<div class=\"qtmplayer-playlist-large\">\n\t\t<ul class=\"qtmplayer-playlist\">\n\t\t\t\n\t\t\t\t\t<li class=\"qtmplayer-trackitem\">\n\t\t<img src=\"https:\/\/rna.ao\/rna.ao\/wp-content\/uploads\/2020\/11\/INE-edificio-100x100.jpg\" alt=\"cover\">\t\t<span \t\t\tdata-qtmplayer-cover=\"https:\/\/rna.ao\/rna.ao\/wp-content\/uploads\/2020\/11\/INE-edificio.jpg\"\n\t\t\t\t\t\tdata-qtmplayer-file=\"https:\/\/rna.ao\/rna.ao\/wp-content\/uploads\/2020\/11\/CARLOS-PEDRO-07HRS.mp3\"\n\t\t\t\t\t\tdata-qtmplayer-title=\"Centro de Estudos da UCAN defende autonomia do Instituto Nacional de Estat\u00edstica\"\n\t\t\t\t\t\tdata-qtmplayer-artist=\"RNA\"\n\t\t\t\t\t\tdata-qtmplayer-link=\"https:\/\/rna.ao\/rna.ao\/2020\/11\/25\/centro-de-estudos-da-uca-defende-autonomia-do-instituto-nacional-de-estatistica\/\"\n\t\t\t\t\t\tdata-qtmplayer-icon=\"file_download\"\n\t\t\t\t\t\tdata-qtmplayer-type=\"track\"\n\t\t\t class=\"qtmplayer-play qtmplayer-link-sec qtmplayer-play-btn\"><i class='material-icons'>play_arrow<\/i><\/span>\n\t\t<p>\n\t\t\t<span class=\"qtmplayer-tit\">Centro de Estudos da UCAN defende autonomia do Instituto Nacional de Estat\u00edstica<\/span>\n\t\t\t<span class=\"qtmplayer-art\">RNA<\/span>\n\t\t<\/p>\n\t<\/li>\n\t\t<\/ul>\n\t<\/div>\t\t\t\n\t\n<p>Fonte: RNA<\/p>\n","protected":false},"excerpt":{"rendered":"<p>As estat\u00edsticas produzidas em Angola ainda est\u00e3o longe de ser fi\u00e1veis e de qualidade, para atrair potenciais investidores. De acordo com especialistas, os dados estat\u00edsticos nacionais, ainda sustentam muitas d\u00favidas para quem deseja trabalhar com eles. O investigador do Centro de Estudos da Universidade Cat\u00f3lica de Angola, T\u00e9urio Marcelo, afirma ...<\/p>\n","protected":false},"author":8,"featured_media":10839,"comment_status":"closed","ping_status":"closed","sticky":false,"template":"","format":"standard","meta":[],"categories":[121,164,163],"tags":[],"_links":{"self":[{"href":"https:\/\/rna.ao\/rna.ao\/wp-json\/wp\/v2\/posts\/11936"}],"collection":[{"href":"https:\/\/rna.ao\/rna.ao\/wp-json\/wp\/v2\/posts"}],"about":[{"href":"https:\/\/rna.ao\/rna.ao\/wp-json\/wp\/v2\/types\/post"}],"author":[{"embeddable":true,"href":"https:\/\/rna.ao\/rna.ao\/wp-json\/wp\/v2\/users\/8"}],"replies":[{"embeddable":true,"href":"https:\/\/rna.ao\/rna.ao\/wp-json\/wp\/v2\/comments?post=11936"}],"version-history":[{"count":2,"href":"https:\/\/rna.ao\/rna.ao\/wp-json\/wp\/v2\/posts\/11936\/revisions"}],"predecessor-version":[{"id":12020,"href":"https:\/\/rna.ao\/rna.ao\/wp-json\/wp\/v2\/posts\/11936\/revisions\/12020"}],"wp:featuredmedia":[{"embeddable":true,"href":"https:\/\/rna.ao\/rna.ao\/wp-json\/wp\/v2\/media\/10839"}],"wp:attachment":[{"href":"https:\/\/rna.ao\/rna.ao\/wp-json\/wp\/v2\/media?parent=11936"}],"wp:term":[{"taxonomy":"category","embeddable":true,"href":"https:\/\/rna.ao\/rna.ao\/wp-json\/wp\/v2\/categories?post=11936"},{"taxonomy":"post_tag","embeddable":true,"href":"https:\/\/rna.ao\/rna.ao\/wp-json\/wp\/v2\/tags?post=11936"}],"curies":[{"name":"wp","href":"https:\/\/api.w.org\/{rel}","templated":true}]}}