{"id":11933,"date":"2020-11-25T07:19:29","date_gmt":"2020-11-25T06:19:29","guid":{"rendered":"https:\/\/rna.ao\/rna.ao\/?p=11933"},"modified":"2020-11-25T08:07:43","modified_gmt":"2020-11-25T07:07:43","slug":"kwanza-sul-pode-ser-autossuficiente-na-producao-de-oxigenio-hospitalar-a-partir-de-dezembro","status":"publish","type":"post","link":"https:\/\/rna.ao\/rna.ao\/2020\/11\/25\/kwanza-sul-pode-ser-autossuficiente-na-producao-de-oxigenio-hospitalar-a-partir-de-dezembro\/","title":{"rendered":"Kwanza-Sul ser\u00e1 autossuficiente na produ\u00e7\u00e3o de oxig\u00e9nio hospitalar a partir de Dezembro"},"content":{"rendered":"<p><img loading=\"lazy\" class=\"size-full wp-image-11380 alignleft\" src=\"https:\/\/rna.ao\/rna.ao\/wp-content\/uploads\/2020\/11\/Oxigenio-Hospital.jpg\" alt=\"\" width=\"270\" height=\"180\" \/>A Prov\u00edncia do Kwanza-Sul poder\u00e1 ser autossuficiente na produ\u00e7\u00e3o de oxig\u00e9nio, para dar resposta a demanda dos hospitais.<\/p>\n<p>Os respons\u00e1veis locais, apontam o m\u00eas de Dezembro, como a data limite para o refor\u00e7o do projecto. Clique no \u00e1udio, em baixo, e saiba mais na reportagem:<\/p>\n\t<div class=\"qtmplayer-playlist-large\">\n\t\t<ul class=\"qtmplayer-playlist\">\n\t\t\t\n\t\t\t\t\t<li class=\"qtmplayer-trackitem\">\n\t\t<img src=\"https:\/\/rna.ao\/rna.ao\/wp-content\/uploads\/2020\/11\/Oxigenio-Hospital-100x100.jpg\" alt=\"cover\">\t\t<span \t\t\tdata-qtmplayer-cover=\"https:\/\/rna.ao\/rna.ao\/wp-content\/uploads\/2020\/11\/Oxigenio-Hospital.jpg\"\n\t\t\t\t\t\tdata-qtmplayer-file=\"https:\/\/rna.ao\/rna.ao\/wp-content\/uploads\/2020\/11\/CUANZA-SUL-OXIGENEO-07HS.mp3\"\n\t\t\t\t\t\tdata-qtmplayer-title=\"Kwanza-Sul ser\u00e1 autossuficiente na produ\u00e7\u00e3o de oxig\u00e9nio hospitalar a partir de Dezembro\"\n\t\t\t\t\t\tdata-qtmplayer-artist=\"RNA\"\n\t\t\t\t\t\tdata-qtmplayer-link=\"https:\/\/rna.ao\/rna.ao\/2020\/11\/25\/kwanza-sul-pode-ser-autossuficiente-na-producao-de-oxigenio-hospitalar-a-partir-de-dezembro\/\"\n\t\t\t\t\t\tdata-qtmplayer-icon=\"file_download\"\n\t\t\t\t\t\tdata-qtmplayer-type=\"track\"\n\t\t\t class=\"qtmplayer-play qtmplayer-link-sec qtmplayer-play-btn\"><i class='material-icons'>play_arrow<\/i><\/span>\n\t\t<p>\n\t\t\t<span class=\"qtmplayer-tit\">Kwanza-Sul ser\u00e1 autossuficiente na produ\u00e7\u00e3o de oxig\u00e9nio hospitalar a partir de Dezembro<\/span>\n\t\t\t<span class=\"qtmplayer-art\">RNA<\/span>\n\t\t<\/p>\n\t<\/li>\n\t\t<\/ul>\n\t<\/div>\t\t\t\n\t\n<p>Fonte: RNA &#8211; Jornalista Fowen Macanja<\/p>\n","protected":false},"excerpt":{"rendered":"<p>A Prov\u00edncia do Kwanza-Sul poder\u00e1 ser autossuficiente na produ\u00e7\u00e3o de oxig\u00e9nio, para dar resposta a demanda dos hospitais. Os respons\u00e1veis locais, apontam o m\u00eas de Dezembro, como a data limite para o refor\u00e7o do projecto. Clique no \u00e1udio, em baixo, e saiba mais na reportagem: Fonte: RNA &#8211; Jornalista Fowen ...<\/p>\n","protected":false},"author":8,"featured_media":11380,"comment_status":"closed","ping_status":"closed","sticky":false,"template":"","format":"standard","meta":[],"categories":[121,163],"tags":[],"_links":{"self":[{"href":"https:\/\/rna.ao\/rna.ao\/wp-json\/wp\/v2\/posts\/11933"}],"collection":[{"href":"https:\/\/rna.ao\/rna.ao\/wp-json\/wp\/v2\/posts"}],"about":[{"href":"https:\/\/rna.ao\/rna.ao\/wp-json\/wp\/v2\/types\/post"}],"author":[{"embeddable":true,"href":"https:\/\/rna.ao\/rna.ao\/wp-json\/wp\/v2\/users\/8"}],"replies":[{"embeddable":true,"href":"https:\/\/rna.ao\/rna.ao\/wp-json\/wp\/v2\/comments?post=11933"}],"version-history":[{"count":2,"href":"https:\/\/rna.ao\/rna.ao\/wp-json\/wp\/v2\/posts\/11933\/revisions"}],"predecessor-version":[{"id":11948,"href":"https:\/\/rna.ao\/rna.ao\/wp-json\/wp\/v2\/posts\/11933\/revisions\/11948"}],"wp:featuredmedia":[{"embeddable":true,"href":"https:\/\/rna.ao\/rna.ao\/wp-json\/wp\/v2\/media\/11380"}],"wp:attachment":[{"href":"https:\/\/rna.ao\/rna.ao\/wp-json\/wp\/v2\/media?parent=11933"}],"wp:term":[{"taxonomy":"category","embeddable":true,"href":"https:\/\/rna.ao\/rna.ao\/wp-json\/wp\/v2\/categories?post=11933"},{"taxonomy":"post_tag","embeddable":true,"href":"https:\/\/rna.ao\/rna.ao\/wp-json\/wp\/v2\/tags?post=11933"}],"curies":[{"name":"wp","href":"https:\/\/api.w.org\/{rel}","templated":true}]}}