{"id":11930,"date":"2020-11-25T07:13:30","date_gmt":"2020-11-25T06:13:30","guid":{"rendered":"https:\/\/rna.ao\/rna.ao\/?p=11930"},"modified":"2020-11-25T08:09:30","modified_gmt":"2020-11-25T07:09:30","slug":"conferencia-sobre-violencia-baseada-no-genero-marca-abertura-da-campanha-dos-16-dias-de-activismo","status":"publish","type":"post","link":"https:\/\/rna.ao\/rna.ao\/2020\/11\/25\/conferencia-sobre-violencia-baseada-no-genero-marca-abertura-da-campanha-dos-16-dias-de-activismo\/","title":{"rendered":"Confer\u00eancia sobre viol\u00eancia baseada no g\u00e9nero abre campanha dos 16 dias de activismo"},"content":{"rendered":"<p><img loading=\"lazy\" class=\"wp-image-7797 alignleft\" src=\"https:\/\/rna.ao\/rna.ao\/wp-content\/uploads\/2020\/10\/Santa-Ernesto.jpg\" alt=\"\" width=\"342\" height=\"228\" \/>Assinala-se esta quarta-feira, 25\/11, o Dia Internacional para a elimina\u00e7\u00e3o da viol\u00eancia contra a mulher.<\/p>\n<p>No pa\u00eds, o Minist\u00e9rio de Ac\u00e7\u00e3o Social, Fam\u00edlia e Promo\u00e7\u00e3o da Mulher lan\u00e7a, hoje, a campanha &#8220;16 dias de activismo contra a viol\u00eancia no g\u00e9nero&#8221;.<\/p>\n<p>Est\u00e1 marcada uma Confer\u00eancia sobre a viol\u00eancia baseada no g\u00e9nero. Clique no \u00e1udio, em baixo, e ou\u00e7a com mais desenvolvimento na reportagem:<\/p>\n\t<div class=\"qtmplayer-playlist-large\">\n\t\t<ul class=\"qtmplayer-playlist\">\n\t\t\t\n\t\t\t\t\t<li class=\"qtmplayer-trackitem\">\n\t\t<img src=\"https:\/\/rna.ao\/rna.ao\/wp-content\/uploads\/2020\/10\/Santa-Ernesto-MASFAMU-100x100.jpg\" alt=\"cover\">\t\t<span \t\t\tdata-qtmplayer-cover=\"https:\/\/rna.ao\/rna.ao\/wp-content\/uploads\/2020\/10\/Santa-Ernesto-MASFAMU.jpg\"\n\t\t\t\t\t\tdata-qtmplayer-file=\"https:\/\/rna.ao\/rna.ao\/wp-content\/uploads\/2020\/11\/MANUEL-ESPERANCA-2.mp3\"\n\t\t\t\t\t\tdata-qtmplayer-title=\"Confer\u00eancia sobre viol\u00eancia baseada no g\u00e9nero abre campanha dos 16 dias de activismo\"\n\t\t\t\t\t\tdata-qtmplayer-artist=\"RNA\"\n\t\t\t\t\t\tdata-qtmplayer-link=\"https:\/\/rna.ao\/rna.ao\/2020\/11\/25\/conferencia-sobre-violencia-baseada-no-genero-marca-abertura-da-campanha-dos-16-dias-de-activismo\/\"\n\t\t\t\t\t\tdata-qtmplayer-icon=\"file_download\"\n\t\t\t\t\t\tdata-qtmplayer-type=\"track\"\n\t\t\t class=\"qtmplayer-play qtmplayer-link-sec qtmplayer-play-btn\"><i class='material-icons'>play_arrow<\/i><\/span>\n\t\t<p>\n\t\t\t<span class=\"qtmplayer-tit\">Confer\u00eancia sobre viol\u00eancia baseada no g\u00e9nero abre campanha dos 16 dias de activismo<\/span>\n\t\t\t<span class=\"qtmplayer-art\">RNA<\/span>\n\t\t<\/p>\n\t<\/li>\n\t\t<\/ul>\n\t<\/div>\t\t\t\n\t\n<p>Fonte: RNA &#8211; Jornalista Manuel Esperan\u00e7a<\/p>\n","protected":false},"excerpt":{"rendered":"<p>Assinala-se esta quarta-feira, 25\/11, o Dia Internacional para a elimina\u00e7\u00e3o da viol\u00eancia contra a mulher. No pa\u00eds, o Minist\u00e9rio de Ac\u00e7\u00e3o Social, Fam\u00edlia e Promo\u00e7\u00e3o da Mulher lan\u00e7a, hoje, a campanha &#8220;16 dias de activismo contra a viol\u00eancia no g\u00e9nero&#8221;. Est\u00e1 marcada uma Confer\u00eancia sobre a viol\u00eancia baseada no g\u00e9nero. ...<\/p>\n","protected":false},"author":8,"featured_media":7796,"comment_status":"closed","ping_status":"closed","sticky":false,"template":"","format":"standard","meta":[],"categories":[121,163],"tags":[],"_links":{"self":[{"href":"https:\/\/rna.ao\/rna.ao\/wp-json\/wp\/v2\/posts\/11930"}],"collection":[{"href":"https:\/\/rna.ao\/rna.ao\/wp-json\/wp\/v2\/posts"}],"about":[{"href":"https:\/\/rna.ao\/rna.ao\/wp-json\/wp\/v2\/types\/post"}],"author":[{"embeddable":true,"href":"https:\/\/rna.ao\/rna.ao\/wp-json\/wp\/v2\/users\/8"}],"replies":[{"embeddable":true,"href":"https:\/\/rna.ao\/rna.ao\/wp-json\/wp\/v2\/comments?post=11930"}],"version-history":[{"count":3,"href":"https:\/\/rna.ao\/rna.ao\/wp-json\/wp\/v2\/posts\/11930\/revisions"}],"predecessor-version":[{"id":11950,"href":"https:\/\/rna.ao\/rna.ao\/wp-json\/wp\/v2\/posts\/11930\/revisions\/11950"}],"wp:featuredmedia":[{"embeddable":true,"href":"https:\/\/rna.ao\/rna.ao\/wp-json\/wp\/v2\/media\/7796"}],"wp:attachment":[{"href":"https:\/\/rna.ao\/rna.ao\/wp-json\/wp\/v2\/media?parent=11930"}],"wp:term":[{"taxonomy":"category","embeddable":true,"href":"https:\/\/rna.ao\/rna.ao\/wp-json\/wp\/v2\/categories?post=11930"},{"taxonomy":"post_tag","embeddable":true,"href":"https:\/\/rna.ao\/rna.ao\/wp-json\/wp\/v2\/tags?post=11930"}],"curies":[{"name":"wp","href":"https:\/\/api.w.org\/{rel}","templated":true}]}}