{"id":11927,"date":"2020-11-24T23:14:56","date_gmt":"2020-11-24T22:14:56","guid":{"rendered":"https:\/\/rna.ao\/rna.ao\/?p=11927"},"modified":"2020-11-25T07:59:04","modified_gmt":"2020-11-25T06:59:04","slug":"governo-projecta-vacinar-5-milhoes-de-criancas-contra-poliomielite-este-ano","status":"publish","type":"post","link":"https:\/\/rna.ao\/rna.ao\/2020\/11\/24\/governo-projecta-vacinar-5-milhoes-de-criancas-contra-poliomielite-este-ano\/","title":{"rendered":"Governo projecta vacinar 5 milh\u00f5es de crian\u00e7as contra poliomielite este ano"},"content":{"rendered":"<p class=\"MsoNormal\"><img loading=\"lazy\" class=\"size-full wp-image-11753 alignleft\" src=\"https:\/\/rna.ao\/rna.ao\/wp-content\/uploads\/2020\/11\/Leonardo-Europeu-Inocencio.jpg\" alt=\"\" width=\"312\" height=\"176\" \/><\/p>\n<p class=\"MsoNormal\"><span style=\"font-size: 16.0pt; line-height: 115%; font-family: 'Book Antiqua','serif';\">Cinco milh\u00f5es de crian\u00e7as, menores de cinco anos de idade, v\u00e3o ser imunizadas contra a poliomielite, de 4 a 12 de Dezembro, do ano em curso.<\/span><\/p>\n<p class=\"MsoNormal\"><span style=\"font-size: 16.0pt; line-height: 115%; font-family: 'Book Antiqua','serif';\">A campanha, que vai na terceira fase, deste ano, inclui tamb\u00e9m a vacina\u00e7\u00e3o contra o sarampo e a rub\u00e9ola.<\/span><\/p>\n<p class=\"MsoNormal\"><span style=\"font-size: 16.0pt; line-height: 115%; font-family: 'Book Antiqua','serif';\">De acordo com o Secret\u00e1rio de Estado da Sa\u00fade para a \u00c1rea Hospitalar, Leonardo Europeu Inoc\u00eancio, com mais esta campanha, o Governo angolano levanta a sua bandeira de elimina\u00e7\u00e3o total da poliomielite, em Angola. Clique no \u00e1udio, em baixo, e ou\u00e7a:<\/span><\/p>\n\t<div class=\"qtmplayer-playlist-large\">\n\t\t<ul class=\"qtmplayer-playlist\">\n\t\t\t\n\t\t\t\t\t<li class=\"qtmplayer-trackitem\">\n\t\t<img src=\"https:\/\/rna.ao\/rna.ao\/wp-content\/uploads\/2020\/11\/Leonardo-Europeu-Inocencio-100x100.jpg\" alt=\"cover\">\t\t<span \t\t\tdata-qtmplayer-cover=\"https:\/\/rna.ao\/rna.ao\/wp-content\/uploads\/2020\/11\/Leonardo-Europeu-Inocencio.jpg\"\n\t\t\t\t\t\tdata-qtmplayer-file=\"https:\/\/rna.ao\/rna.ao\/wp-content\/uploads\/2020\/11\/LEONARDO-EUROPEU-INOCENCIO-1.mp3\"\n\t\t\t\t\t\tdata-qtmplayer-title=\"Governo projecta vacinar 5 milh\u00f5es de crian\u00e7as contra poliomielite este ano\"\n\t\t\t\t\t\tdata-qtmplayer-artist=\"RNA\"\n\t\t\t\t\t\tdata-qtmplayer-link=\"https:\/\/rna.ao\/rna.ao\/2020\/11\/24\/governo-projecta-vacinar-5-milhoes-de-criancas-contra-poliomielite-este-ano\/\"\n\t\t\t\t\t\tdata-qtmplayer-icon=\"file_download\"\n\t\t\t\t\t\tdata-qtmplayer-type=\"track\"\n\t\t\t class=\"qtmplayer-play qtmplayer-link-sec qtmplayer-play-btn\"><i class='material-icons'>play_arrow<\/i><\/span>\n\t\t<p>\n\t\t\t<span class=\"qtmplayer-tit\">Governo projecta vacinar 5 milh\u00f5es de crian\u00e7as contra poliomielite este ano<\/span>\n\t\t\t<span class=\"qtmplayer-art\">RNA<\/span>\n\t\t<\/p>\n\t<\/li>\n\t\t<\/ul>\n\t<\/div>\t\t\t\n\t\n<p class=\"MsoNormal\"><span style=\"font-size: 16.0pt; line-height: 115%; font-family: 'Book Antiqua','serif';\">Fonte: RNA<\/span><\/p>\n","protected":false},"excerpt":{"rendered":"<p>Cinco milh\u00f5es de crian\u00e7as, menores de cinco anos de idade, v\u00e3o ser imunizadas contra a poliomielite, de 4 a 12 de Dezembro, do ano em curso. A campanha, que vai na terceira fase, deste ano, inclui tamb\u00e9m a vacina\u00e7\u00e3o contra o sarampo e a rub\u00e9ola. De acordo com o Secret\u00e1rio ...<\/p>\n","protected":false},"author":8,"featured_media":11753,"comment_status":"closed","ping_status":"closed","sticky":false,"template":"","format":"standard","meta":[],"categories":[142,121,164],"tags":[],"_links":{"self":[{"href":"https:\/\/rna.ao\/rna.ao\/wp-json\/wp\/v2\/posts\/11927"}],"collection":[{"href":"https:\/\/rna.ao\/rna.ao\/wp-json\/wp\/v2\/posts"}],"about":[{"href":"https:\/\/rna.ao\/rna.ao\/wp-json\/wp\/v2\/types\/post"}],"author":[{"embeddable":true,"href":"https:\/\/rna.ao\/rna.ao\/wp-json\/wp\/v2\/users\/8"}],"replies":[{"embeddable":true,"href":"https:\/\/rna.ao\/rna.ao\/wp-json\/wp\/v2\/comments?post=11927"}],"version-history":[{"count":1,"href":"https:\/\/rna.ao\/rna.ao\/wp-json\/wp\/v2\/posts\/11927\/revisions"}],"predecessor-version":[{"id":11929,"href":"https:\/\/rna.ao\/rna.ao\/wp-json\/wp\/v2\/posts\/11927\/revisions\/11929"}],"wp:featuredmedia":[{"embeddable":true,"href":"https:\/\/rna.ao\/rna.ao\/wp-json\/wp\/v2\/media\/11753"}],"wp:attachment":[{"href":"https:\/\/rna.ao\/rna.ao\/wp-json\/wp\/v2\/media?parent=11927"}],"wp:term":[{"taxonomy":"category","embeddable":true,"href":"https:\/\/rna.ao\/rna.ao\/wp-json\/wp\/v2\/categories?post=11927"},{"taxonomy":"post_tag","embeddable":true,"href":"https:\/\/rna.ao\/rna.ao\/wp-json\/wp\/v2\/tags?post=11927"}],"curies":[{"name":"wp","href":"https:\/\/api.w.org\/{rel}","templated":true}]}}