{"id":11924,"date":"2020-11-24T23:12:25","date_gmt":"2020-11-24T22:12:25","guid":{"rendered":"https:\/\/rna.ao\/rna.ao\/?p=11924"},"modified":"2020-11-25T10:02:49","modified_gmt":"2020-11-25T09:02:49","slug":"titular-da-saude-garante-contactos-com-paises-que-produzem-vacinas-da-covid-19","status":"publish","type":"post","link":"https:\/\/rna.ao\/rna.ao\/2020\/11\/24\/titular-da-saude-garante-contactos-com-paises-que-produzem-vacinas-da-covid-19\/","title":{"rendered":"Titular da Sa\u00fade garante contactos com pa\u00edses que produzem vacinas da Covid-19"},"content":{"rendered":"<p class=\"MsoNormal\"><img loading=\"lazy\" class=\"size-full wp-image-10412 alignleft\" src=\"https:\/\/rna.ao\/rna.ao\/wp-content\/uploads\/2020\/11\/Silvia-Lutucuta-bombom.jpg\" alt=\"\" width=\"400\" height=\"266\" \/><\/p>\n<p class=\"MsoNormal\"><span style=\"font-size: 16.0pt; line-height: 115%; font-family: 'Book Antiqua','serif';\">A Rep\u00fablica de Angola tem feito contactos, por via diplom\u00e1tica, com os pa\u00edses produtores de vacina contra a Covid-19.<\/span><\/p>\n<p class=\"MsoNormal\"><span style=\"font-size: 16.0pt; line-height: 115%; font-family: 'Book Antiqua','serif';\">De acordo com a Ministra da Sa\u00fade, S\u00edlvia Lutucuta, o nosso pa\u00eds tem a responsabilidade de remeter, a estes pa\u00edses, as necessidades de vacinas, para fazer parte da iniciativa Covacs. Clique no \u00e1udio, em baixo, e saiba mais na reportagem:<\/span><\/p>\n\t<div class=\"qtmplayer-playlist-large\">\n\t\t<ul class=\"qtmplayer-playlist\">\n\t\t\t\n\t\t\t\t\t<li class=\"qtmplayer-trackitem\">\n\t\t<img src=\"https:\/\/rna.ao\/rna.ao\/wp-content\/uploads\/2020\/10\/Silvia-Lutucuta-2-100x100.jpg\" alt=\"cover\">\t\t<span \t\t\tdata-qtmplayer-cover=\"https:\/\/rna.ao\/rna.ao\/wp-content\/uploads\/2020\/10\/Silvia-Lutucuta-2.jpg\"\n\t\t\t\t\t\tdata-qtmplayer-file=\"https:\/\/rna.ao\/rna.ao\/wp-content\/uploads\/2020\/11\/TERESA-BAIAO.mp3\"\n\t\t\t\t\t\tdata-qtmplayer-title=\"Titular da Sa\u00fade garante contactos com pa\u00edses que produzem vacinas da Covid-19\"\n\t\t\t\t\t\tdata-qtmplayer-artist=\"RNA\"\n\t\t\t\t\t\tdata-qtmplayer-link=\"https:\/\/rna.ao\/rna.ao\/2020\/11\/24\/titular-da-saude-garante-contactos-com-paises-que-produzem-vacinas-da-covid-19\/\"\n\t\t\t\t\t\tdata-qtmplayer-icon=\"file_download\"\n\t\t\t\t\t\tdata-qtmplayer-type=\"track\"\n\t\t\t class=\"qtmplayer-play qtmplayer-link-sec qtmplayer-play-btn\"><i class='material-icons'>play_arrow<\/i><\/span>\n\t\t<p>\n\t\t\t<span class=\"qtmplayer-tit\">Titular da Sa\u00fade garante contactos com pa\u00edses que produzem vacinas da Covid-19<\/span>\n\t\t\t<span class=\"qtmplayer-art\">RNA<\/span>\n\t\t<\/p>\n\t<\/li>\n\t\t<\/ul>\n\t<\/div>\t\t\t\n\t\n<p><span style=\"font-size: 16.0pt; line-height: 115%; font-family: 'Book Antiqua','serif'; mso-fareast-font-family: Calibri; mso-bidi-font-family: 'Times New Roman'; mso-ansi-language: PT; mso-fareast-language: EN-US; mso-bidi-language: AR-SA;\">Fonte: RNA \u2013 Jornalista Teresa Bai\u00e3o<\/span><\/p>\n","protected":false},"excerpt":{"rendered":"<p>A Rep\u00fablica de Angola tem feito contactos, por via diplom\u00e1tica, com os pa\u00edses produtores de vacina contra a Covid-19. De acordo com a Ministra da Sa\u00fade, S\u00edlvia Lutucuta, o nosso pa\u00eds tem a responsabilidade de remeter, a estes pa\u00edses, as necessidades de vacinas, para fazer parte da iniciativa Covacs. Clique ...<\/p>\n","protected":false},"author":8,"featured_media":9722,"comment_status":"closed","ping_status":"closed","sticky":false,"template":"","format":"standard","meta":[],"categories":[142,121,164],"tags":[],"_links":{"self":[{"href":"https:\/\/rna.ao\/rna.ao\/wp-json\/wp\/v2\/posts\/11924"}],"collection":[{"href":"https:\/\/rna.ao\/rna.ao\/wp-json\/wp\/v2\/posts"}],"about":[{"href":"https:\/\/rna.ao\/rna.ao\/wp-json\/wp\/v2\/types\/post"}],"author":[{"embeddable":true,"href":"https:\/\/rna.ao\/rna.ao\/wp-json\/wp\/v2\/users\/8"}],"replies":[{"embeddable":true,"href":"https:\/\/rna.ao\/rna.ao\/wp-json\/wp\/v2\/comments?post=11924"}],"version-history":[{"count":1,"href":"https:\/\/rna.ao\/rna.ao\/wp-json\/wp\/v2\/posts\/11924\/revisions"}],"predecessor-version":[{"id":11926,"href":"https:\/\/rna.ao\/rna.ao\/wp-json\/wp\/v2\/posts\/11924\/revisions\/11926"}],"wp:featuredmedia":[{"embeddable":true,"href":"https:\/\/rna.ao\/rna.ao\/wp-json\/wp\/v2\/media\/9722"}],"wp:attachment":[{"href":"https:\/\/rna.ao\/rna.ao\/wp-json\/wp\/v2\/media?parent=11924"}],"wp:term":[{"taxonomy":"category","embeddable":true,"href":"https:\/\/rna.ao\/rna.ao\/wp-json\/wp\/v2\/categories?post=11924"},{"taxonomy":"post_tag","embeddable":true,"href":"https:\/\/rna.ao\/rna.ao\/wp-json\/wp\/v2\/tags?post=11924"}],"curies":[{"name":"wp","href":"https:\/\/api.w.org\/{rel}","templated":true}]}}