{"id":11871,"date":"2020-11-24T07:18:16","date_gmt":"2020-11-24T06:18:16","guid":{"rendered":"https:\/\/rna.ao\/rna.ao\/?p=11871"},"modified":"2020-11-24T09:33:49","modified_gmt":"2020-11-24T08:33:49","slug":"libreville-acolhe-18a-sessao-ordinaria-da-conferencia-dos-chefes-de-estado-e-de-governo-da-ceeac","status":"publish","type":"post","link":"https:\/\/rna.ao\/rna.ao\/2020\/11\/24\/libreville-acolhe-18a-sessao-ordinaria-da-conferencia-dos-chefes-de-estado-e-de-governo-da-ceeac\/","title":{"rendered":"Libreville acolhe 18\u00aa sess\u00e3o ordin\u00e1ria da confer\u00eancia dos Chefes de Estado e de Governo da CEEAC"},"content":{"rendered":"<p><img loading=\"lazy\" class=\"wp-image-11873 alignleft\" src=\"https:\/\/rna.ao\/rna.ao\/wp-content\/uploads\/2020\/11\/CEEAC-Logo.jpg\" alt=\"\" width=\"344\" height=\"213\" \/>A cidade de Libreville, na Rep\u00fablica do Gab\u00e3o, acolhe na pr\u00f3xima sexta-feira, 27\/11, a d\u00e9cima oitava sess\u00e3o ordin\u00e1ria da Confer\u00eancia dos Chefes de Estado e de Governo dos pa\u00edses da Comunidade Econ\u00f3mica dos Estados da \u00c1frica Central, CEEAC.<\/p>\n<p>Para a reuni\u00e3o, que ser\u00e1 presencial, s\u00e3o aguardados, na capital do Gab\u00e3o, os Presidentes dos pa\u00edses da CEEAC. A agenda, desta cimeira, foi aprovada na segunda-feira (23), pelos Ministros das Rela\u00e7\u00f5es Exteriores e dos Neg\u00f3cios Estrangeiros da CEEAC. Clique no \u00e1udio, em baixo, e ou\u00e7a com mais desenvolvimento na reportagem:<\/p>\n\t<div class=\"qtmplayer-playlist-large\">\n\t\t<ul class=\"qtmplayer-playlist\">\n\t\t\t\n\t\t\t\t\t<li class=\"qtmplayer-trackitem\">\n\t\t<img src=\"https:\/\/rna.ao\/rna.ao\/wp-content\/uploads\/2020\/11\/CEEAC-Logo-1-100x100.jpg\" alt=\"cover\">\t\t<span \t\t\tdata-qtmplayer-cover=\"https:\/\/rna.ao\/rna.ao\/wp-content\/uploads\/2020\/11\/CEEAC-Logo-1.jpg\"\n\t\t\t\t\t\tdata-qtmplayer-file=\"https:\/\/rna.ao\/rna.ao\/wp-content\/uploads\/2020\/11\/DANIEL-MARQUES-CEEAC.mp3\"\n\t\t\t\t\t\tdata-qtmplayer-title=\"Libreville acolhe 18\u00aa sess\u00e3o ordin\u00e1ria da confer\u00eancia dos Chefes de Estado e de Governo da CEEAC\"\n\t\t\t\t\t\tdata-qtmplayer-artist=\"RNA\"\n\t\t\t\t\t\tdata-qtmplayer-link=\"https:\/\/rna.ao\/rna.ao\/2020\/11\/24\/libreville-acolhe-18a-sessao-ordinaria-da-conferencia-dos-chefes-de-estado-e-de-governo-da-ceeac\/\"\n\t\t\t\t\t\tdata-qtmplayer-icon=\"file_download\"\n\t\t\t\t\t\tdata-qtmplayer-type=\"track\"\n\t\t\t class=\"qtmplayer-play qtmplayer-link-sec qtmplayer-play-btn\"><i class='material-icons'>play_arrow<\/i><\/span>\n\t\t<p>\n\t\t\t<span class=\"qtmplayer-tit\">Libreville acolhe 18\u00aa sess\u00e3o ordin\u00e1ria da confer\u00eancia dos Chefes de Estado e de Governo da CEEAC<\/span>\n\t\t\t<span class=\"qtmplayer-art\">RNA<\/span>\n\t\t<\/p>\n\t<\/li>\n\t\t<\/ul>\n\t<\/div>\t\t\t\n\t\n<p>Fonte: RNA &#8211; Jornalista Daniel Maques<\/p>\n","protected":false},"excerpt":{"rendered":"<p>A cidade de Libreville, na Rep\u00fablica do Gab\u00e3o, acolhe na pr\u00f3xima sexta-feira, 27\/11, a d\u00e9cima oitava sess\u00e3o ordin\u00e1ria da Confer\u00eancia dos Chefes de Estado e de Governo dos pa\u00edses da Comunidade Econ\u00f3mica dos Estados da \u00c1frica Central, CEEAC. Para a reuni\u00e3o, que ser\u00e1 presencial, s\u00e3o aguardados, na capital do Gab\u00e3o, ...<\/p>\n","protected":false},"author":8,"featured_media":11875,"comment_status":"closed","ping_status":"closed","sticky":false,"template":"","format":"standard","meta":[],"categories":[142,121,163],"tags":[],"_links":{"self":[{"href":"https:\/\/rna.ao\/rna.ao\/wp-json\/wp\/v2\/posts\/11871"}],"collection":[{"href":"https:\/\/rna.ao\/rna.ao\/wp-json\/wp\/v2\/posts"}],"about":[{"href":"https:\/\/rna.ao\/rna.ao\/wp-json\/wp\/v2\/types\/post"}],"author":[{"embeddable":true,"href":"https:\/\/rna.ao\/rna.ao\/wp-json\/wp\/v2\/users\/8"}],"replies":[{"embeddable":true,"href":"https:\/\/rna.ao\/rna.ao\/wp-json\/wp\/v2\/comments?post=11871"}],"version-history":[{"count":3,"href":"https:\/\/rna.ao\/rna.ao\/wp-json\/wp\/v2\/posts\/11871\/revisions"}],"predecessor-version":[{"id":11912,"href":"https:\/\/rna.ao\/rna.ao\/wp-json\/wp\/v2\/posts\/11871\/revisions\/11912"}],"wp:featuredmedia":[{"embeddable":true,"href":"https:\/\/rna.ao\/rna.ao\/wp-json\/wp\/v2\/media\/11875"}],"wp:attachment":[{"href":"https:\/\/rna.ao\/rna.ao\/wp-json\/wp\/v2\/media?parent=11871"}],"wp:term":[{"taxonomy":"category","embeddable":true,"href":"https:\/\/rna.ao\/rna.ao\/wp-json\/wp\/v2\/categories?post=11871"},{"taxonomy":"post_tag","embeddable":true,"href":"https:\/\/rna.ao\/rna.ao\/wp-json\/wp\/v2\/tags?post=11871"}],"curies":[{"name":"wp","href":"https:\/\/api.w.org\/{rel}","templated":true}]}}