{"id":11867,"date":"2020-11-24T07:31:37","date_gmt":"2020-11-24T06:31:37","guid":{"rendered":"https:\/\/rna.ao\/rna.ao\/?p=11867"},"modified":"2020-11-24T09:29:33","modified_gmt":"2020-11-24T08:29:33","slug":"taag-sera-privatizada-ate-2022","status":"publish","type":"post","link":"https:\/\/rna.ao\/rna.ao\/2020\/11\/24\/taag-sera-privatizada-ate-2022\/","title":{"rendered":"TAAG ser\u00e1 privatizada at\u00e9 2022"},"content":{"rendered":"<p><img loading=\"lazy\" class=\"size-full wp-image-11039 alignleft\" src=\"https:\/\/rna.ao\/rna.ao\/wp-content\/uploads\/2020\/11\/Ricardo-de-Abreu.jpg\" alt=\"\" width=\"275\" height=\"183\" \/>A frota de transportes p\u00fablicos de passageiros de Luanda poder\u00e1 ser beneficiada com mais trezentos e cinquenta novos autocarros. O anuncio foi feito segunda-feira, 23\/11, em Luanda, \u00e0 RNA, pelo Ministro dos Transportes, Ricardo de Abreu.<\/p>\n<p>O Ministro anunciou, tamb\u00e9m, que a privatiza\u00e7\u00e3o da TAAG dever\u00e1 estar conclu\u00edda em 2022. De acordo ainda com Ricardo de Abreu, as obras de constru\u00e7\u00e3o da primeira linha, do metro de superf\u00edcie de Luanda, come\u00e7am em janeiro do pr\u00f3ximo ano. Clique no \u00e1udio, em baixo, e saiba mais na reportagem:<\/p>\n\t<div class=\"qtmplayer-playlist-large\">\n\t\t<ul class=\"qtmplayer-playlist\">\n\t\t\t\n\t\t\t\t\t<li class=\"qtmplayer-trackitem\">\n\t\t<img src=\"https:\/\/rna.ao\/rna.ao\/wp-content\/uploads\/2020\/11\/Ricardo-de-Abreu-100x100.jpg\" alt=\"cover\">\t\t<span \t\t\tdata-qtmplayer-cover=\"https:\/\/rna.ao\/rna.ao\/wp-content\/uploads\/2020\/11\/Ricardo-de-Abreu.jpg\"\n\t\t\t\t\t\tdata-qtmplayer-file=\"https:\/\/rna.ao\/rna.ao\/wp-content\/uploads\/2020\/11\/MANUEL-ESPERANCA-TRANSPORTES.mp3\"\n\t\t\t\t\t\tdata-qtmplayer-title=\"TAAG ser\u00e1 privatizada at\u00e9 2022\"\n\t\t\t\t\t\tdata-qtmplayer-artist=\"RNA\"\n\t\t\t\t\t\tdata-qtmplayer-link=\"https:\/\/rna.ao\/rna.ao\/2020\/11\/24\/taag-sera-privatizada-ate-2022\/\"\n\t\t\t\t\t\tdata-qtmplayer-icon=\"file_download\"\n\t\t\t\t\t\tdata-qtmplayer-type=\"track\"\n\t\t\t class=\"qtmplayer-play qtmplayer-link-sec qtmplayer-play-btn\"><i class='material-icons'>play_arrow<\/i><\/span>\n\t\t<p>\n\t\t\t<span class=\"qtmplayer-tit\">TAAG ser\u00e1 privatizada at\u00e9 2022<\/span>\n\t\t\t<span class=\"qtmplayer-art\">RNA<\/span>\n\t\t<\/p>\n\t<\/li>\n\t\t<\/ul>\n\t<\/div>\t\t\t\n\t\n<p>Fonte: RNA &#8211; Jornalista Manuel Esperan\u00e7a<\/p>\n","protected":false},"excerpt":{"rendered":"<p>A frota de transportes p\u00fablicos de passageiros de Luanda poder\u00e1 ser beneficiada com mais trezentos e cinquenta novos autocarros. O anuncio foi feito segunda-feira, 23\/11, em Luanda, \u00e0 RNA, pelo Ministro dos Transportes, Ricardo de Abreu. O Ministro anunciou, tamb\u00e9m, que a privatiza\u00e7\u00e3o da TAAG dever\u00e1 estar conclu\u00edda em 2022. ...<\/p>\n","protected":false},"author":8,"featured_media":11039,"comment_status":"closed","ping_status":"closed","sticky":false,"template":"","format":"standard","meta":[],"categories":[121,163],"tags":[],"_links":{"self":[{"href":"https:\/\/rna.ao\/rna.ao\/wp-json\/wp\/v2\/posts\/11867"}],"collection":[{"href":"https:\/\/rna.ao\/rna.ao\/wp-json\/wp\/v2\/posts"}],"about":[{"href":"https:\/\/rna.ao\/rna.ao\/wp-json\/wp\/v2\/types\/post"}],"author":[{"embeddable":true,"href":"https:\/\/rna.ao\/rna.ao\/wp-json\/wp\/v2\/users\/8"}],"replies":[{"embeddable":true,"href":"https:\/\/rna.ao\/rna.ao\/wp-json\/wp\/v2\/comments?post=11867"}],"version-history":[{"count":4,"href":"https:\/\/rna.ao\/rna.ao\/wp-json\/wp\/v2\/posts\/11867\/revisions"}],"predecessor-version":[{"id":11910,"href":"https:\/\/rna.ao\/rna.ao\/wp-json\/wp\/v2\/posts\/11867\/revisions\/11910"}],"wp:featuredmedia":[{"embeddable":true,"href":"https:\/\/rna.ao\/rna.ao\/wp-json\/wp\/v2\/media\/11039"}],"wp:attachment":[{"href":"https:\/\/rna.ao\/rna.ao\/wp-json\/wp\/v2\/media?parent=11867"}],"wp:term":[{"taxonomy":"category","embeddable":true,"href":"https:\/\/rna.ao\/rna.ao\/wp-json\/wp\/v2\/categories?post=11867"},{"taxonomy":"post_tag","embeddable":true,"href":"https:\/\/rna.ao\/rna.ao\/wp-json\/wp\/v2\/tags?post=11867"}],"curies":[{"name":"wp","href":"https:\/\/api.w.org\/{rel}","templated":true}]}}