{"id":11821,"date":"2020-11-23T08:43:35","date_gmt":"2020-11-23T07:43:35","guid":{"rendered":"https:\/\/rna.ao\/rna.ao\/?p=11821"},"modified":"2020-11-23T14:35:59","modified_gmt":"2020-11-23T13:35:59","slug":"basqutebol-campeonato-nacional-pode-comecar-em-dezembro","status":"publish","type":"post","link":"https:\/\/rna.ao\/rna.ao\/2020\/11\/23\/basqutebol-campeonato-nacional-pode-comecar-em-dezembro\/","title":{"rendered":"Basquetebol: Campeonato nacional pode come\u00e7ar em Dezembro"},"content":{"rendered":"<p><img loading=\"lazy\" class=\"size-full wp-image-11823 alignleft\" src=\"https:\/\/rna.ao\/rna.ao\/wp-content\/uploads\/2020\/11\/BASQUET-PRTO-DAGOSTO.jpg\" alt=\"\" width=\"224\" height=\"166\" \/>O campeonato nacional de basquetebol s\u00e9nior masculino poder\u00e1 ver o seu in\u00edcio, na \u00faltima semana de dezembro do ano em curso, apurou a r\u00e1dio 5.<\/p>\n<p>A informa\u00e7\u00e3o foi prestada domingo, 22\/11, em Luanda, pelo novo presidente da Federa\u00e7\u00e3o Angolana de Basquetebol (FAB), Moniz Silva, quando falava, \u00e0 R\u00e1dio 5, momentos depois de ser declarado vencedor das elei\u00e7\u00f5es como novo homem forte da institui\u00e7\u00e3o que dirige a modalidade no pa\u00eds. Clique no \u00e1udio, em baixo, e ou\u00e7a:<\/p>\n\t<div class=\"qtmplayer-playlist-large\">\n\t\t<ul class=\"qtmplayer-playlist\">\n\t\t\t\n\t\t\t\t\t<li class=\"qtmplayer-trackitem\">\n\t\t<img src=\"https:\/\/rna.ao\/rna.ao\/wp-content\/uploads\/2020\/11\/BASQUET-PRTO-DAGOSTO-100x100.jpg\" alt=\"cover\">\t\t<span \t\t\tdata-qtmplayer-cover=\"https:\/\/rna.ao\/rna.ao\/wp-content\/uploads\/2020\/11\/BASQUET-PRTO-DAGOSTO.jpg\"\n\t\t\t\t\t\tdata-qtmplayer-file=\"https:\/\/rna.ao\/rna.ao\/wp-content\/uploads\/2020\/11\/MONIZ-SILVA-BASKET.mp3\"\n\t\t\t\t\t\tdata-qtmplayer-title=\"Basquetebol: Campeonato nacional pode come\u00e7ar em Dezembro\"\n\t\t\t\t\t\tdata-qtmplayer-artist=\"RNA\"\n\t\t\t\t\t\tdata-qtmplayer-link=\"https:\/\/rna.ao\/rna.ao\/2020\/11\/23\/basqutebol-campeonato-nacional-pode-comecar-em-dezembro\/\"\n\t\t\t\t\t\tdata-qtmplayer-icon=\"file_download\"\n\t\t\t\t\t\tdata-qtmplayer-type=\"track\"\n\t\t\t class=\"qtmplayer-play qtmplayer-link-sec qtmplayer-play-btn\"><i class='material-icons'>play_arrow<\/i><\/span>\n\t\t<p>\n\t\t\t<span class=\"qtmplayer-tit\">Basquetebol: Campeonato nacional pode come\u00e7ar em Dezembro<\/span>\n\t\t\t<span class=\"qtmplayer-art\">RNA<\/span>\n\t\t<\/p>\n\t<\/li>\n\t\t<\/ul>\n\t<\/div>\t\t\t\n\t\n<p>Fonte: R\u00e1dio 5\/RNA<\/p>\n","protected":false},"excerpt":{"rendered":"<p>O campeonato nacional de basquetebol s\u00e9nior masculino poder\u00e1 ver o seu in\u00edcio, na \u00faltima semana de dezembro do ano em curso, apurou a r\u00e1dio 5. A informa\u00e7\u00e3o foi prestada domingo, 22\/11, em Luanda, pelo novo presidente da Federa\u00e7\u00e3o Angolana de Basquetebol (FAB), Moniz Silva, quando falava, \u00e0 R\u00e1dio 5, momentos ...<\/p>\n","protected":false},"author":8,"featured_media":11823,"comment_status":"closed","ping_status":"closed","sticky":false,"template":"","format":"standard","meta":[],"categories":[145,125],"tags":[],"_links":{"self":[{"href":"https:\/\/rna.ao\/rna.ao\/wp-json\/wp\/v2\/posts\/11821"}],"collection":[{"href":"https:\/\/rna.ao\/rna.ao\/wp-json\/wp\/v2\/posts"}],"about":[{"href":"https:\/\/rna.ao\/rna.ao\/wp-json\/wp\/v2\/types\/post"}],"author":[{"embeddable":true,"href":"https:\/\/rna.ao\/rna.ao\/wp-json\/wp\/v2\/users\/8"}],"replies":[{"embeddable":true,"href":"https:\/\/rna.ao\/rna.ao\/wp-json\/wp\/v2\/comments?post=11821"}],"version-history":[{"count":2,"href":"https:\/\/rna.ao\/rna.ao\/wp-json\/wp\/v2\/posts\/11821\/revisions"}],"predecessor-version":[{"id":11855,"href":"https:\/\/rna.ao\/rna.ao\/wp-json\/wp\/v2\/posts\/11821\/revisions\/11855"}],"wp:featuredmedia":[{"embeddable":true,"href":"https:\/\/rna.ao\/rna.ao\/wp-json\/wp\/v2\/media\/11823"}],"wp:attachment":[{"href":"https:\/\/rna.ao\/rna.ao\/wp-json\/wp\/v2\/media?parent=11821"}],"wp:term":[{"taxonomy":"category","embeddable":true,"href":"https:\/\/rna.ao\/rna.ao\/wp-json\/wp\/v2\/categories?post=11821"},{"taxonomy":"post_tag","embeddable":true,"href":"https:\/\/rna.ao\/rna.ao\/wp-json\/wp\/v2\/tags?post=11821"}],"curies":[{"name":"wp","href":"https:\/\/api.w.org\/{rel}","templated":true}]}}