{"id":11814,"date":"2020-11-23T08:16:02","date_gmt":"2020-11-23T07:16:02","guid":{"rendered":"https:\/\/rna.ao\/rna.ao\/?p=11814"},"modified":"2020-11-23T08:16:02","modified_gmt":"2020-11-23T07:16:02","slug":"moniz-silva-promete-mudar-a-imagem-do-basquetebol-em-angola","status":"publish","type":"post","link":"https:\/\/rna.ao\/rna.ao\/2020\/11\/23\/moniz-silva-promete-mudar-a-imagem-do-basquetebol-em-angola\/","title":{"rendered":"Moniz Silva promete mudar a imagem do basquetebol em Angola"},"content":{"rendered":"<p><img loading=\"lazy\" class=\"size-full wp-image-11815 alignleft\" src=\"https:\/\/rna.ao\/rna.ao\/wp-content\/uploads\/2020\/11\/Moniz-Silva-FAB.jpg\" alt=\"\" width=\"270\" height=\"208\" \/>Moniz Silva \u00e9 o novo homem forte do \u00f3rg\u00e3o que rege o Basquetebol no pa\u00eds, em substitui\u00e7\u00e3o de H\u00e9lder Cruz &#8220;Maneda&#8221;.<\/p>\n<p>O antigo vice-presidente do 1\u00ba de Agosto, Moniz Silva, superou a concorr\u00eancia ao somar dezassete votos a favor, contra onze de Armando Dalas Docas, da lista B, e apenas um voto de Manuel Moreira da lista C.<\/p>\n<p>O novo presidente da Federa\u00e7\u00e3o Angolana de Basquetebol, fala em sentimento de dever cumprido, e promete muito trabalho para mudar a imagem da modalidade em Angola. Clique no \u00e1udio, em baixo, e ou\u00e7a:<\/p>\n\t<div class=\"qtmplayer-playlist-large\">\n\t\t<ul class=\"qtmplayer-playlist\">\n\t\t\t\n\t\t\t\t\t<li class=\"qtmplayer-trackitem\">\n\t\t<img src=\"https:\/\/rna.ao\/rna.ao\/wp-content\/uploads\/2020\/11\/Moniz-Silva-FAB-100x100.jpg\" alt=\"cover\">\t\t<span \t\t\tdata-qtmplayer-cover=\"https:\/\/rna.ao\/rna.ao\/wp-content\/uploads\/2020\/11\/Moniz-Silva-FAB.jpg\"\n\t\t\t\t\t\tdata-qtmplayer-file=\"https:\/\/rna.ao\/rna.ao\/wp-content\/uploads\/2020\/11\/MONIZ-SILVA.mp3\"\n\t\t\t\t\t\tdata-qtmplayer-title=\"Moniz Silva promete mudar a imagem do basquetebol em Angola\"\n\t\t\t\t\t\tdata-qtmplayer-artist=\"RNA\"\n\t\t\t\t\t\tdata-qtmplayer-link=\"https:\/\/rna.ao\/rna.ao\/2020\/11\/23\/moniz-silva-promete-mudar-a-imagem-do-basquetebol-em-angola\/\"\n\t\t\t\t\t\tdata-qtmplayer-icon=\"file_download\"\n\t\t\t\t\t\tdata-qtmplayer-type=\"track\"\n\t\t\t class=\"qtmplayer-play qtmplayer-link-sec qtmplayer-play-btn\"><i class='material-icons'>play_arrow<\/i><\/span>\n\t\t<p>\n\t\t\t<span class=\"qtmplayer-tit\">Moniz Silva promete mudar a imagem do basquetebol em Angola<\/span>\n\t\t\t<span class=\"qtmplayer-art\">RNA<\/span>\n\t\t<\/p>\n\t<\/li>\n\t\t<\/ul>\n\t<\/div>\t\t\t\n\t\n<p>Fonte: R\u00e1dio 5\/RNA<\/p>\n","protected":false},"excerpt":{"rendered":"<p>Moniz Silva \u00e9 o novo homem forte do \u00f3rg\u00e3o que rege o Basquetebol no pa\u00eds, em substitui\u00e7\u00e3o de H\u00e9lder Cruz &#8220;Maneda&#8221;. O antigo vice-presidente do 1\u00ba de Agosto, Moniz Silva, superou a concorr\u00eancia ao somar dezassete votos a favor, contra onze de Armando Dalas Docas, da lista B, e apenas ...<\/p>\n","protected":false},"author":8,"featured_media":11815,"comment_status":"closed","ping_status":"closed","sticky":false,"template":"","format":"standard","meta":[],"categories":[145,125],"tags":[],"_links":{"self":[{"href":"https:\/\/rna.ao\/rna.ao\/wp-json\/wp\/v2\/posts\/11814"}],"collection":[{"href":"https:\/\/rna.ao\/rna.ao\/wp-json\/wp\/v2\/posts"}],"about":[{"href":"https:\/\/rna.ao\/rna.ao\/wp-json\/wp\/v2\/types\/post"}],"author":[{"embeddable":true,"href":"https:\/\/rna.ao\/rna.ao\/wp-json\/wp\/v2\/users\/8"}],"replies":[{"embeddable":true,"href":"https:\/\/rna.ao\/rna.ao\/wp-json\/wp\/v2\/comments?post=11814"}],"version-history":[{"count":1,"href":"https:\/\/rna.ao\/rna.ao\/wp-json\/wp\/v2\/posts\/11814\/revisions"}],"predecessor-version":[{"id":11817,"href":"https:\/\/rna.ao\/rna.ao\/wp-json\/wp\/v2\/posts\/11814\/revisions\/11817"}],"wp:featuredmedia":[{"embeddable":true,"href":"https:\/\/rna.ao\/rna.ao\/wp-json\/wp\/v2\/media\/11815"}],"wp:attachment":[{"href":"https:\/\/rna.ao\/rna.ao\/wp-json\/wp\/v2\/media?parent=11814"}],"wp:term":[{"taxonomy":"category","embeddable":true,"href":"https:\/\/rna.ao\/rna.ao\/wp-json\/wp\/v2\/categories?post=11814"},{"taxonomy":"post_tag","embeddable":true,"href":"https:\/\/rna.ao\/rna.ao\/wp-json\/wp\/v2\/tags?post=11814"}],"curies":[{"name":"wp","href":"https:\/\/api.w.org\/{rel}","templated":true}]}}