{"id":118123,"date":"2023-10-02T05:44:22","date_gmt":"2023-10-02T04:44:22","guid":{"rendered":"https:\/\/rna.ao\/rna.ao\/?p=118123"},"modified":"2023-10-02T07:08:13","modified_gmt":"2023-10-02T06:08:13","slug":"estadio-de-ombaka-acolhe-jogo-de-abertura-da-epoca-futebolistica-de-2023-2024","status":"publish","type":"post","link":"https:\/\/rna.ao\/rna.ao\/2023\/10\/02\/estadio-de-ombaka-acolhe-jogo-de-abertura-da-epoca-futebolistica-de-2023-2024\/","title":{"rendered":"Est\u00e1dio de Ombaka acolhe jogo de abertura da \u00e9poca futebol\u00edstica de 2023-2024"},"content":{"rendered":"<p><em><img loading=\"lazy\" class=\"size-medium wp-image-112641 aligncenter\" src=\"https:\/\/rna.ao\/rna.ao\/wp-content\/uploads\/2023\/08\/Estadio-Nacional-de-Ombaka-770x433.jpg\" alt=\"\" width=\"770\" height=\"433\" srcset=\"https:\/\/rna.ao\/rna.ao\/wp-content\/uploads\/2023\/08\/Estadio-Nacional-de-Ombaka-770x433.jpg 770w, https:\/\/rna.ao\/rna.ao\/wp-content\/uploads\/2023\/08\/Estadio-Nacional-de-Ombaka-1170x658.jpg 1170w, https:\/\/rna.ao\/rna.ao\/wp-content\/uploads\/2023\/08\/Estadio-Nacional-de-Ombaka-768x432.jpg 768w, https:\/\/rna.ao\/rna.ao\/wp-content\/uploads\/2023\/08\/Estadio-Nacional-de-Ombaka.jpg 1440w\" sizes=\"(max-width: 770px) 100vw, 770px\" \/>Ser\u00e1 divulgado a qualquer momento o comunicado da FAF onde sair\u00e1 a delibera\u00e7\u00e3o, do Conselho Jurisdicional, sobre os Recursos apresentados pelos implicados no prov\u00e1vel caso de corrup\u00e7\u00e3o no nosso futebol.<\/em><\/p>\n<p><em>Apesar do atraso que se verifica para a divulga\u00e7\u00e3o do comunicado, o Conselho de Disciplina na pessoa do seu presidente Jos\u00e9 Neves avan\u00e7ou a data para o in\u00edcio da \u00e9poca futebol\u00edstica. Clique no \u00e1udio e ou\u00e7a:<\/em><\/p>\n\t<div class=\"qtmplayer-playlist-large\">\n\t\t<ul class=\"qtmplayer-playlist\">\n\t\t\t\n\t\t\t\t\t<li class=\"qtmplayer-trackitem\">\n\t\t<img src=\"https:\/\/rna.ao\/rna.ao\/wp-content\/uploads\/2023\/08\/Estadio-Nacional-de-Ombaka-1-100x100.jpg\" alt=\"cover\">\t\t<span \t\t\tdata-qtmplayer-cover=\"https:\/\/rna.ao\/rna.ao\/wp-content\/uploads\/2023\/08\/Estadio-Nacional-de-Ombaka-1.jpg\"\n\t\t\t\t\t\tdata-qtmplayer-file=\"https:\/\/rna.ao\/rna.ao\/wp-content\/uploads\/2023\/10\/1-JOSE-NEVES-02-10-23.mp3\"\n\t\t\t\t\t\tdata-qtmplayer-title=\"Est\u00e1dio de Ombaka acolhe jogo de abertura da \u00e9poca futebol\u00edstica de 2023-2024\"\n\t\t\t\t\t\tdata-qtmplayer-artist=\"RNA\"\n\t\t\t\t\t\tdata-qtmplayer-link=\"https:\/\/rna.ao\/rna.ao\/2023\/10\/02\/estadio-de-ombaka-acolhe-jogo-de-abertura-da-epoca-futebolistica-de-2023-2024\/\"\n\t\t\t\t\t\tdata-qtmplayer-icon=\"file_download\"\n\t\t\t\t\t\tdata-qtmplayer-type=\"track\"\n\t\t\t class=\"qtmplayer-play qtmplayer-link-sec qtmplayer-play-btn\"><i class='material-icons'>play_arrow<\/i><\/span>\n\t\t<p>\n\t\t\t<span class=\"qtmplayer-tit\">Est\u00e1dio de Ombaka acolhe jogo de abertura da \u00e9poca futebol\u00edstica de 2023-2024<\/span>\n\t\t\t<span class=\"qtmplayer-art\">RNA<\/span>\n\t\t<\/p>\n\t<\/li>\n\t\t<\/ul>\n\t<\/div>\t\t\t\n\t\n<p><em>Por outro lado, o numero-1 do Conselho T\u00e9cnico e Desportivo da FAF, d\u00e1 o ponto de situa\u00e7\u00e3o sobre os preparativos para a liga africana de futebol. Clique no \u00e1udio e ou\u00e7a:<\/em><\/p>\n\t<div class=\"qtmplayer-playlist-large\">\n\t\t<ul class=\"qtmplayer-playlist\">\n\t\t\t\n\t\t\t\t\t<li class=\"qtmplayer-trackitem\">\n\t\t<img src=\"https:\/\/rna.ao\/rna.ao\/wp-content\/uploads\/2023\/08\/Estadio-Nacional-de-Ombaka-1-100x100.jpg\" alt=\"cover\">\t\t<span \t\t\tdata-qtmplayer-cover=\"https:\/\/rna.ao\/rna.ao\/wp-content\/uploads\/2023\/08\/Estadio-Nacional-de-Ombaka-1.jpg\"\n\t\t\t\t\t\tdata-qtmplayer-file=\"https:\/\/rna.ao\/rna.ao\/wp-content\/uploads\/2023\/10\/2-JOSE-NEVES-02-10-23.mp3\"\n\t\t\t\t\t\tdata-qtmplayer-title=\"Est\u00e1dio de Ombaka acolhe jogo de abertura da \u00e9poca futebol\u00edstica de 2023-2024\"\n\t\t\t\t\t\tdata-qtmplayer-artist=\"RNA\"\n\t\t\t\t\t\tdata-qtmplayer-link=\"https:\/\/rna.ao\/rna.ao\/2023\/10\/02\/estadio-de-ombaka-acolhe-jogo-de-abertura-da-epoca-futebolistica-de-2023-2024\/\"\n\t\t\t\t\t\tdata-qtmplayer-icon=\"file_download\"\n\t\t\t\t\t\tdata-qtmplayer-type=\"track\"\n\t\t\t class=\"qtmplayer-play qtmplayer-link-sec qtmplayer-play-btn\"><i class='material-icons'>play_arrow<\/i><\/span>\n\t\t<p>\n\t\t\t<span class=\"qtmplayer-tit\">Est\u00e1dio de Ombaka acolhe jogo de abertura da \u00e9poca futebol\u00edstica de 2023-2024<\/span>\n\t\t\t<span class=\"qtmplayer-art\">RNA<\/span>\n\t\t<\/p>\n\t<\/li>\n\t\t<\/ul>\n\t<\/div>\t\t\t\n\t\n<p><em>De referir que, o Conselho T\u00e9cnico e desportivo da FAF agendou para 7 deste m\u00eas a realiza\u00e7\u00e3o do jogo da superta\u00e7a marcada para o est\u00e1dio nacional de Ombaka, em Benguela.<\/em><\/p>\n<p>Fonte: R\u00e1dio 5\/RNA<\/p>\n<p><em>\u00a0<\/em><\/p>\n","protected":false},"excerpt":{"rendered":"<p>Ser\u00e1 divulgado a qualquer momento o comunicado da FAF onde sair\u00e1 a delibera\u00e7\u00e3o, do Conselho Jurisdicional, sobre os Recursos apresentados pelos implicados no prov\u00e1vel caso de corrup\u00e7\u00e3o no nosso futebol. Apesar do atraso que se verifica para a divulga\u00e7\u00e3o do comunicado, o Conselho de Disciplina na pessoa do seu presidente ...<\/p>\n","protected":false},"author":8,"featured_media":112642,"comment_status":"closed","ping_status":"closed","sticky":false,"template":"","format":"standard","meta":[],"categories":[145,125,164],"tags":[],"_links":{"self":[{"href":"https:\/\/rna.ao\/rna.ao\/wp-json\/wp\/v2\/posts\/118123"}],"collection":[{"href":"https:\/\/rna.ao\/rna.ao\/wp-json\/wp\/v2\/posts"}],"about":[{"href":"https:\/\/rna.ao\/rna.ao\/wp-json\/wp\/v2\/types\/post"}],"author":[{"embeddable":true,"href":"https:\/\/rna.ao\/rna.ao\/wp-json\/wp\/v2\/users\/8"}],"replies":[{"embeddable":true,"href":"https:\/\/rna.ao\/rna.ao\/wp-json\/wp\/v2\/comments?post=118123"}],"version-history":[{"count":1,"href":"https:\/\/rna.ao\/rna.ao\/wp-json\/wp\/v2\/posts\/118123\/revisions"}],"predecessor-version":[{"id":118126,"href":"https:\/\/rna.ao\/rna.ao\/wp-json\/wp\/v2\/posts\/118123\/revisions\/118126"}],"wp:featuredmedia":[{"embeddable":true,"href":"https:\/\/rna.ao\/rna.ao\/wp-json\/wp\/v2\/media\/112642"}],"wp:attachment":[{"href":"https:\/\/rna.ao\/rna.ao\/wp-json\/wp\/v2\/media?parent=118123"}],"wp:term":[{"taxonomy":"category","embeddable":true,"href":"https:\/\/rna.ao\/rna.ao\/wp-json\/wp\/v2\/categories?post=118123"},{"taxonomy":"post_tag","embeddable":true,"href":"https:\/\/rna.ao\/rna.ao\/wp-json\/wp\/v2\/tags?post=118123"}],"curies":[{"name":"wp","href":"https:\/\/api.w.org\/{rel}","templated":true}]}}