{"id":118112,"date":"2023-10-02T05:42:43","date_gmt":"2023-10-02T04:42:43","guid":{"rendered":"https:\/\/rna.ao\/rna.ao\/?p=118112"},"modified":"2023-10-02T06:57:03","modified_gmt":"2023-10-02T05:57:03","slug":"ja-e-conhecido-substituto-de-jose-pereira-kido-na-seleccao-masculina-de-andebol-para-o-africano-do-egipto","status":"publish","type":"post","link":"https:\/\/rna.ao\/rna.ao\/2023\/10\/02\/ja-e-conhecido-substituto-de-jose-pereira-kido-na-seleccao-masculina-de-andebol-para-o-africano-do-egipto\/","title":{"rendered":"J\u00e1 \u00e9 conhecido substituto de Jos\u00e9 Pereira Kid\u00f3 na selec\u00e7\u00e3o masculina de andebol para o africano do Egipto"},"content":{"rendered":"<p><em><img loading=\"lazy\" class=\"size-full wp-image-24366 alignleft\" src=\"https:\/\/rna.ao\/rna.ao\/wp-content\/uploads\/2021\/05\/Filipe-Cruz.jpg\" alt=\"\" width=\"315\" height=\"224\" \/>O pa\u00eds capricha na organiza\u00e7\u00e3o para o sucesso do torneio pr\u00e9-olimpico de andebol feminino, de 11 a 14 deste m\u00eas, que qualifica o representante africano nesta classe aos jogos ol\u00edmpicos de Paris.<\/em><\/p>\n<p><em>Jos\u00e9 do Amaral Maninho, presidente da Federa\u00e7\u00e3o de Andebol, pontualiza os preparativos para a realiza\u00e7\u00e3o da prova. Clique no \u00e1udio e ou\u00e7a:<\/em><\/p>\n\t<div class=\"qtmplayer-playlist-large\">\n\t\t<ul class=\"qtmplayer-playlist\">\n\t\t\t\n\t\t\t\t\t<li class=\"qtmplayer-trackitem\">\n\t\t<img src=\"https:\/\/rna.ao\/rna.ao\/wp-content\/uploads\/2021\/05\/Filipe-Cruz-100x100.jpg\" alt=\"cover\">\t\t<span \t\t\tdata-qtmplayer-cover=\"https:\/\/rna.ao\/rna.ao\/wp-content\/uploads\/2021\/05\/Filipe-Cruz.jpg\"\n\t\t\t\t\t\tdata-qtmplayer-file=\"https:\/\/rna.ao\/rna.ao\/wp-content\/uploads\/2023\/10\/4-JOSE-DO-AMARAL-MANINHO-02-10-23.mp3\"\n\t\t\t\t\t\tdata-qtmplayer-title=\"J\u00e1 \u00e9 conhecido substituto de Jos\u00e9 Pereira Kid\u00f3 na selec\u00e7\u00e3o masculina de andebol para o africano do Egipto\"\n\t\t\t\t\t\tdata-qtmplayer-artist=\"RNA\"\n\t\t\t\t\t\tdata-qtmplayer-link=\"https:\/\/rna.ao\/rna.ao\/2023\/10\/02\/ja-e-conhecido-substituto-de-jose-pereira-kido-na-seleccao-masculina-de-andebol-para-o-africano-do-egipto\/\"\n\t\t\t\t\t\tdata-qtmplayer-icon=\"file_download\"\n\t\t\t\t\t\tdata-qtmplayer-type=\"track\"\n\t\t\t class=\"qtmplayer-play qtmplayer-link-sec qtmplayer-play-btn\"><i class='material-icons'>play_arrow<\/i><\/span>\n\t\t<p>\n\t\t\t<span class=\"qtmplayer-tit\">J\u00e1 \u00e9 conhecido substituto de Jos\u00e9 Pereira Kid\u00f3 na selec\u00e7\u00e3o masculina de andebol para o africano do Egipto<\/span>\n\t\t\t<span class=\"qtmplayer-art\">RNA<\/span>\n\t\t<\/p>\n\t<\/li>\n\t\t<\/ul>\n\t<\/div>\t\t\t\n\t\n<p><em>O n\u00famero-1 do \u00f3rg\u00e3o que rege o andebol, confirma tamb\u00e9m o substituto de Jos\u00e9 Pereira Kid\u00f3, no comando t\u00e9cnico da Federa\u00e7\u00e3o que vai competir em Janeiro no africano do Egipto. Clique no \u00e1udio e ou\u00e7a:<\/em><\/p>\n\t<div class=\"qtmplayer-playlist-large\">\n\t\t<ul class=\"qtmplayer-playlist\">\n\t\t\t\n\t\t\t\t\t<li class=\"qtmplayer-trackitem\">\n\t\t<img src=\"https:\/\/rna.ao\/rna.ao\/wp-content\/uploads\/2021\/05\/Filipe-Cruz-100x100.jpg\" alt=\"cover\">\t\t<span \t\t\tdata-qtmplayer-cover=\"https:\/\/rna.ao\/rna.ao\/wp-content\/uploads\/2021\/05\/Filipe-Cruz.jpg\"\n\t\t\t\t\t\tdata-qtmplayer-file=\"https:\/\/rna.ao\/rna.ao\/wp-content\/uploads\/2023\/10\/5-JOSE-DO-AMARAL-MANINHO-02-10-23.mp3\"\n\t\t\t\t\t\tdata-qtmplayer-title=\"J\u00e1 \u00e9 conhecido substituto de Jos\u00e9 Pereira Kid\u00f3 na selec\u00e7\u00e3o masculina de andebol para o africano do Egipto\"\n\t\t\t\t\t\tdata-qtmplayer-artist=\"RNA\"\n\t\t\t\t\t\tdata-qtmplayer-link=\"https:\/\/rna.ao\/rna.ao\/2023\/10\/02\/ja-e-conhecido-substituto-de-jose-pereira-kido-na-seleccao-masculina-de-andebol-para-o-africano-do-egipto\/\"\n\t\t\t\t\t\tdata-qtmplayer-icon=\"file_download\"\n\t\t\t\t\t\tdata-qtmplayer-type=\"track\"\n\t\t\t class=\"qtmplayer-play qtmplayer-link-sec qtmplayer-play-btn\"><i class='material-icons'>play_arrow<\/i><\/span>\n\t\t<p>\n\t\t\t<span class=\"qtmplayer-tit\">J\u00e1 \u00e9 conhecido substituto de Jos\u00e9 Pereira Kid\u00f3 na selec\u00e7\u00e3o masculina de andebol para o africano do Egipto<\/span>\n\t\t\t<span class=\"qtmplayer-art\">RNA<\/span>\n\t\t<\/p>\n\t<\/li>\n\t\t<\/ul>\n\t<\/div>\t\t\t\n\t\n<p><strong><em><u>Fonte: R\u00e1dio 5\/RNA<\/u><\/em><\/strong><\/p>\n","protected":false},"excerpt":{"rendered":"<p>O pa\u00eds capricha na organiza\u00e7\u00e3o para o sucesso do torneio pr\u00e9-olimpico de andebol feminino, de 11 a 14 deste m\u00eas, que qualifica o representante africano nesta classe aos jogos ol\u00edmpicos de Paris. Jos\u00e9 do Amaral Maninho, presidente da Federa\u00e7\u00e3o de Andebol, pontualiza os preparativos para a realiza\u00e7\u00e3o da prova. Clique ...<\/p>\n","protected":false},"author":8,"featured_media":24366,"comment_status":"closed","ping_status":"closed","sticky":false,"template":"","format":"standard","meta":[],"categories":[145,125,164],"tags":[],"_links":{"self":[{"href":"https:\/\/rna.ao\/rna.ao\/wp-json\/wp\/v2\/posts\/118112"}],"collection":[{"href":"https:\/\/rna.ao\/rna.ao\/wp-json\/wp\/v2\/posts"}],"about":[{"href":"https:\/\/rna.ao\/rna.ao\/wp-json\/wp\/v2\/types\/post"}],"author":[{"embeddable":true,"href":"https:\/\/rna.ao\/rna.ao\/wp-json\/wp\/v2\/users\/8"}],"replies":[{"embeddable":true,"href":"https:\/\/rna.ao\/rna.ao\/wp-json\/wp\/v2\/comments?post=118112"}],"version-history":[{"count":1,"href":"https:\/\/rna.ao\/rna.ao\/wp-json\/wp\/v2\/posts\/118112\/revisions"}],"predecessor-version":[{"id":118119,"href":"https:\/\/rna.ao\/rna.ao\/wp-json\/wp\/v2\/posts\/118112\/revisions\/118119"}],"wp:featuredmedia":[{"embeddable":true,"href":"https:\/\/rna.ao\/rna.ao\/wp-json\/wp\/v2\/media\/24366"}],"wp:attachment":[{"href":"https:\/\/rna.ao\/rna.ao\/wp-json\/wp\/v2\/media?parent=118112"}],"wp:term":[{"taxonomy":"category","embeddable":true,"href":"https:\/\/rna.ao\/rna.ao\/wp-json\/wp\/v2\/categories?post=118112"},{"taxonomy":"post_tag","embeddable":true,"href":"https:\/\/rna.ao\/rna.ao\/wp-json\/wp\/v2\/tags?post=118112"}],"curies":[{"name":"wp","href":"https:\/\/api.w.org\/{rel}","templated":true}]}}