{"id":118106,"date":"2023-10-02T05:40:33","date_gmt":"2023-10-02T04:40:33","guid":{"rendered":"https:\/\/rna.ao\/rna.ao\/?p=118106"},"modified":"2023-10-02T06:48:04","modified_gmt":"2023-10-02T05:48:04","slug":"academica-supera-o-el-merriek-juba-do-sudao-e-faz-o-inedito-da-taca-caf","status":"publish","type":"post","link":"https:\/\/rna.ao\/rna.ao\/2023\/10\/02\/academica-supera-o-el-merriek-juba-do-sudao-e-faz-o-inedito-da-taca-caf\/","title":{"rendered":"Acad\u00e9mica supera o El Merriek Juba do Sud\u00e3o e faz o in\u00e9dito da Ta\u00e7a CAF"},"content":{"rendered":"<p><em><img loading=\"lazy\" class=\"size-medium wp-image-118109 aligncenter\" src=\"https:\/\/rna.ao\/rna.ao\/wp-content\/uploads\/2023\/10\/Academica-do-Lobito-770x514.jpg\" alt=\"\" width=\"770\" height=\"514\" srcset=\"https:\/\/rna.ao\/rna.ao\/wp-content\/uploads\/2023\/10\/Academica-do-Lobito-770x514.jpg 770w, https:\/\/rna.ao\/rna.ao\/wp-content\/uploads\/2023\/10\/Academica-do-Lobito-768x512.jpg 768w, https:\/\/rna.ao\/rna.ao\/wp-content\/uploads\/2023\/10\/Academica-do-Lobito.jpg 1000w\" sizes=\"(max-width: 770px) 100vw, 770px\" \/>Na Ta\u00e7a da confedera\u00e7\u00e3o, a Acad\u00e9mica do Lobito fez o in\u00e9dito ao carimbar o passe para a fase de grupos, ap\u00f3s vit\u00f3ria de 3-0 sobre a sua similar do El Merrieck Juba &#8211; do Sud\u00e3o do Sul, em jogo de resposta realizado no est\u00e1dio Tundavala, no Lubango. <\/em><\/p>\n<p><em>Feliz pelo resultado e a qualifica\u00e7\u00e3o hist\u00f3rica ficou Pik\u00f3 Sambaka, membro da equipa t\u00e9cnica lobitanga. Clique no \u00e1udio e ou\u00e7a:<\/em><\/p>\n\t<div class=\"qtmplayer-playlist-large\">\n\t\t<ul class=\"qtmplayer-playlist\">\n\t\t\t\n\t\t\t\t\t<li class=\"qtmplayer-trackitem\">\n\t\t<img src=\"https:\/\/rna.ao\/rna.ao\/wp-content\/uploads\/2023\/10\/Academica-do-Lobito-1-100x100.jpg\" alt=\"cover\">\t\t<span \t\t\tdata-qtmplayer-cover=\"https:\/\/rna.ao\/rna.ao\/wp-content\/uploads\/2023\/10\/Academica-do-Lobito-1.jpg\"\n\t\t\t\t\t\tdata-qtmplayer-file=\"https:\/\/rna.ao\/rna.ao\/wp-content\/uploads\/2023\/10\/3-PICO-SAMBACA-02-10-23.mp3\"\n\t\t\t\t\t\tdata-qtmplayer-title=\"Acad\u00e9mica supera o El Merriek Juba do Sud\u00e3o e faz o in\u00e9dito da Ta\u00e7a CAF\"\n\t\t\t\t\t\tdata-qtmplayer-artist=\"RNA\"\n\t\t\t\t\t\tdata-qtmplayer-link=\"https:\/\/rna.ao\/rna.ao\/2023\/10\/02\/academica-supera-o-el-merriek-juba-do-sudao-e-faz-o-inedito-da-taca-caf\/\"\n\t\t\t\t\t\tdata-qtmplayer-icon=\"file_download\"\n\t\t\t\t\t\tdata-qtmplayer-type=\"track\"\n\t\t\t class=\"qtmplayer-play qtmplayer-link-sec qtmplayer-play-btn\"><i class='material-icons'>play_arrow<\/i><\/span>\n\t\t<p>\n\t\t\t<span class=\"qtmplayer-tit\">Acad\u00e9mica supera o El Merriek Juba do Sud\u00e3o e faz o in\u00e9dito da Ta\u00e7a CAF<\/span>\n\t\t\t<span class=\"qtmplayer-art\">RNA<\/span>\n\t\t<\/p>\n\t<\/li>\n\t\t<\/ul>\n\t<\/div>\t\t\t\n\t\n<p><b><i><u>Fonte: R\u00e1dio 5\/RNA<\/u><\/i><\/b><\/p>\n","protected":false},"excerpt":{"rendered":"<p>Na Ta\u00e7a da confedera\u00e7\u00e3o, a Acad\u00e9mica do Lobito fez o in\u00e9dito ao carimbar o passe para a fase de grupos, ap\u00f3s vit\u00f3ria de 3-0 sobre a sua similar do El Merrieck Juba &#8211; do Sud\u00e3o do Sul, em jogo de resposta realizado no est\u00e1dio Tundavala, no Lubango. Feliz pelo resultado ...<\/p>\n","protected":false},"author":8,"featured_media":118110,"comment_status":"closed","ping_status":"closed","sticky":false,"template":"","format":"standard","meta":[],"categories":[145,125,164],"tags":[],"_links":{"self":[{"href":"https:\/\/rna.ao\/rna.ao\/wp-json\/wp\/v2\/posts\/118106"}],"collection":[{"href":"https:\/\/rna.ao\/rna.ao\/wp-json\/wp\/v2\/posts"}],"about":[{"href":"https:\/\/rna.ao\/rna.ao\/wp-json\/wp\/v2\/types\/post"}],"author":[{"embeddable":true,"href":"https:\/\/rna.ao\/rna.ao\/wp-json\/wp\/v2\/users\/8"}],"replies":[{"embeddable":true,"href":"https:\/\/rna.ao\/rna.ao\/wp-json\/wp\/v2\/comments?post=118106"}],"version-history":[{"count":1,"href":"https:\/\/rna.ao\/rna.ao\/wp-json\/wp\/v2\/posts\/118106\/revisions"}],"predecessor-version":[{"id":118111,"href":"https:\/\/rna.ao\/rna.ao\/wp-json\/wp\/v2\/posts\/118106\/revisions\/118111"}],"wp:featuredmedia":[{"embeddable":true,"href":"https:\/\/rna.ao\/rna.ao\/wp-json\/wp\/v2\/media\/118110"}],"wp:attachment":[{"href":"https:\/\/rna.ao\/rna.ao\/wp-json\/wp\/v2\/media?parent=118106"}],"wp:term":[{"taxonomy":"category","embeddable":true,"href":"https:\/\/rna.ao\/rna.ao\/wp-json\/wp\/v2\/categories?post=118106"},{"taxonomy":"post_tag","embeddable":true,"href":"https:\/\/rna.ao\/rna.ao\/wp-json\/wp\/v2\/tags?post=118106"}],"curies":[{"name":"wp","href":"https:\/\/api.w.org\/{rel}","templated":true}]}}