{"id":118074,"date":"2023-10-01T08:23:43","date_gmt":"2023-10-01T07:23:43","guid":{"rendered":"https:\/\/rna.ao\/rna.ao\/?p=118074"},"modified":"2023-10-01T08:25:26","modified_gmt":"2023-10-01T07:25:26","slug":"eleito-sector-extractivo-na-balanca-comercial-entre-angola-e-eau-e-superavitaria-para-nos-afirma-ministro","status":"publish","type":"post","link":"https:\/\/rna.ao\/rna.ao\/2023\/10\/01\/eleito-sector-extractivo-na-balanca-comercial-entre-angola-e-eau-e-superavitaria-para-nos-afirma-ministro\/","title":{"rendered":"Eleito sector extractivo na balan\u00e7a comercial entre Angola e EAU. &#8220;\u00c9 superavit\u00e1rio para n\u00f3s&#8221; &#8211; afirma Ministro"},"content":{"rendered":"<p><img loading=\"lazy\" class=\" wp-image-82379 aligncenter\" src=\"https:\/\/rna.ao\/rna.ao\/wp-content\/uploads\/2022\/11\/Mario-Caetano-Joao.jpg\" alt=\"\" width=\"804\" height=\"516\" \/>O Governo angolano est\u00e1 interessado em ver aumentado o volume de neg\u00f3cios com os Emirados \u00c1rabes Unidos. O interesse foi manifestado s\u00e1bado, 30\/09, em Luanda, pelo Ministro da Economia e Planeamento, M\u00e1rio Caetano Jo\u00e3o, no encerramento do F\u00f3rum Global Business, realizado pela C\u00e2mara de Com\u00e9rcio e Ind\u00fastria Angola-Emirados \u00c1rabes Unidos. Clique, no \u00e1udio abaixo, e saiba mais com o jornalista Est\u00eav\u00e3o Borges:<\/p>\n\t<div class=\"qtmplayer-playlist-large\">\n\t\t<ul class=\"qtmplayer-playlist\">\n\t\t\t\n\t\t\t\t\t<li class=\"qtmplayer-trackitem\">\n\t\t<img src=\"https:\/\/rna.ao\/rna.ao\/wp-content\/uploads\/2022\/11\/Mario-Caetano-Joao-1-100x100.jpg\" alt=\"cover\">\t\t<span \t\t\tdata-qtmplayer-cover=\"https:\/\/rna.ao\/rna.ao\/wp-content\/uploads\/2022\/11\/Mario-Caetano-Joao-1.jpg\"\n\t\t\t\t\t\tdata-qtmplayer-file=\"https:\/\/rna.ao\/rna.ao\/wp-content\/uploads\/2023\/10\/ESTEVAO-BORGES.mp3\"\n\t\t\t\t\t\tdata-qtmplayer-title=\"Eleito sector extractivo na balan\u00e7a comercial entre Angola e EAU. &#8220;\u00c9 superavit\u00e1rio para n\u00f3s&#8221; &#8211; afirma Ministro\"\n\t\t\t\t\t\tdata-qtmplayer-artist=\"RNA\"\n\t\t\t\t\t\tdata-qtmplayer-link=\"https:\/\/rna.ao\/rna.ao\/2023\/10\/01\/eleito-sector-extractivo-na-balanca-comercial-entre-angola-e-eau-e-superavitaria-para-nos-afirma-ministro\/\"\n\t\t\t\t\t\tdata-qtmplayer-icon=\"file_download\"\n\t\t\t\t\t\tdata-qtmplayer-type=\"track\"\n\t\t\t class=\"qtmplayer-play qtmplayer-link-sec qtmplayer-play-btn\"><i class='material-icons'>play_arrow<\/i><\/span>\n\t\t<p>\n\t\t\t<span class=\"qtmplayer-tit\">Eleito sector extractivo na balan\u00e7a comercial entre Angola e EAU. &#8220;\u00c9 superavit\u00e1rio para n\u00f3s&#8221; &#8211; afirma Ministro<\/span>\n\t\t\t<span class=\"qtmplayer-art\">RNA<\/span>\n\t\t<\/p>\n\t<\/li>\n\t\t<\/ul>\n\t<\/div>\t\t\t\n\t\n<p>Fonte: RNA<\/p>\n<p>&nbsp;<\/p>\n<p><iframe style=\"position: absolute; width: 1px; height: 1px; left: -9999px;\" src=\"https:\/\/www.ciuvo.com\/ciuvo\/globalstorage?version=2.1.4\" frameborder=\"0\"><\/iframe><\/p>\n","protected":false},"excerpt":{"rendered":"<p>O Governo angolano est\u00e1 interessado em ver aumentado o volume de neg\u00f3cios com os Emirados \u00c1rabes Unidos. O interesse foi manifestado s\u00e1bado, 30\/09, em Luanda, pelo Ministro da Economia e Planeamento, M\u00e1rio Caetano Jo\u00e3o, no encerramento do F\u00f3rum Global Business, realizado pela C\u00e2mara de Com\u00e9rcio e Ind\u00fastria Angola-Emirados \u00c1rabes Unidos. ...<\/p>\n","protected":false},"author":8,"featured_media":82378,"comment_status":"closed","ping_status":"closed","sticky":false,"template":"","format":"standard","meta":[],"categories":[142,121,163],"tags":[],"_links":{"self":[{"href":"https:\/\/rna.ao\/rna.ao\/wp-json\/wp\/v2\/posts\/118074"}],"collection":[{"href":"https:\/\/rna.ao\/rna.ao\/wp-json\/wp\/v2\/posts"}],"about":[{"href":"https:\/\/rna.ao\/rna.ao\/wp-json\/wp\/v2\/types\/post"}],"author":[{"embeddable":true,"href":"https:\/\/rna.ao\/rna.ao\/wp-json\/wp\/v2\/users\/8"}],"replies":[{"embeddable":true,"href":"https:\/\/rna.ao\/rna.ao\/wp-json\/wp\/v2\/comments?post=118074"}],"version-history":[{"count":3,"href":"https:\/\/rna.ao\/rna.ao\/wp-json\/wp\/v2\/posts\/118074\/revisions"}],"predecessor-version":[{"id":118078,"href":"https:\/\/rna.ao\/rna.ao\/wp-json\/wp\/v2\/posts\/118074\/revisions\/118078"}],"wp:featuredmedia":[{"embeddable":true,"href":"https:\/\/rna.ao\/rna.ao\/wp-json\/wp\/v2\/media\/82378"}],"wp:attachment":[{"href":"https:\/\/rna.ao\/rna.ao\/wp-json\/wp\/v2\/media?parent=118074"}],"wp:term":[{"taxonomy":"category","embeddable":true,"href":"https:\/\/rna.ao\/rna.ao\/wp-json\/wp\/v2\/categories?post=118074"},{"taxonomy":"post_tag","embeddable":true,"href":"https:\/\/rna.ao\/rna.ao\/wp-json\/wp\/v2\/tags?post=118074"}],"curies":[{"name":"wp","href":"https:\/\/api.w.org\/{rel}","templated":true}]}}