{"id":118070,"date":"2023-10-01T08:12:44","date_gmt":"2023-10-01T07:12:44","guid":{"rendered":"https:\/\/rna.ao\/rna.ao\/?p=118070"},"modified":"2023-10-01T08:12:44","modified_gmt":"2023-10-01T07:12:44","slug":"ministra-anuncia-formacao-de-mais-de-60-especialistas-em-tratamento-de-doencas-renais","status":"publish","type":"post","link":"https:\/\/rna.ao\/rna.ao\/2023\/10\/01\/ministra-anuncia-formacao-de-mais-de-60-especialistas-em-tratamento-de-doencas-renais\/","title":{"rendered":"Ministra anuncia forma\u00e7\u00e3o de mais de 60 especialistas em tratamento de doen\u00e7as renais"},"content":{"rendered":"<p><img loading=\"lazy\" class=\" wp-image-6244 aligncenter\" src=\"https:\/\/rna.ao\/rna.ao\/wp-content\/uploads\/2020\/10\/Silvia-Lutucuta-1.jpg\" alt=\"\" width=\"820\" height=\"547\" \/>A Ministra da Sa\u00fade, S\u00edlvia Lutucuta, anunciou que est\u00e3o a ser formados 65 m\u00e9dicos especialistas no tratamento de doen\u00e7as que afectam os rins, para refor\u00e7ar as unidades de sa\u00fade no pa\u00eds.<\/p>\n<p>S\u00edlvia Lutucuta disse que Angola controla cerca de cinquenta m\u00e9dicos especialistas no tratamento de doen\u00e7as renais, dos quais, a maior parte est\u00e1 em Luanda. Clique no \u00e1udio e ou\u00e7a:<\/p>\n\t<div class=\"qtmplayer-playlist-large\">\n\t\t<ul class=\"qtmplayer-playlist\">\n\t\t\t\n\t\t\t\t\t<li class=\"qtmplayer-trackitem\">\n\t\t<img src=\"https:\/\/rna.ao\/rna.ao\/wp-content\/uploads\/2020\/10\/Silvia-Lutucuta-5-100x100.jpg\" alt=\"cover\">\t\t<span \t\t\tdata-qtmplayer-cover=\"https:\/\/rna.ao\/rna.ao\/wp-content\/uploads\/2020\/10\/Silvia-Lutucuta-5.jpg\"\n\t\t\t\t\t\tdata-qtmplayer-file=\"https:\/\/rna.ao\/rna.ao\/wp-content\/uploads\/2023\/10\/SILVIA-LUTUCUTA-1.mp3\"\n\t\t\t\t\t\tdata-qtmplayer-title=\"Ministra anuncia forma\u00e7\u00e3o de mais de 60 especialistas em tratamento de doen\u00e7as renais\"\n\t\t\t\t\t\tdata-qtmplayer-artist=\"RNA\"\n\t\t\t\t\t\tdata-qtmplayer-link=\"https:\/\/rna.ao\/rna.ao\/2023\/10\/01\/ministra-anuncia-formacao-de-mais-de-60-especialistas-em-tratamento-de-doencas-renais\/\"\n\t\t\t\t\t\tdata-qtmplayer-icon=\"file_download\"\n\t\t\t\t\t\tdata-qtmplayer-type=\"track\"\n\t\t\t class=\"qtmplayer-play qtmplayer-link-sec qtmplayer-play-btn\"><i class='material-icons'>play_arrow<\/i><\/span>\n\t\t<p>\n\t\t\t<span class=\"qtmplayer-tit\">Ministra anuncia forma\u00e7\u00e3o de mais de 60 especialistas em tratamento de doen\u00e7as renais<\/span>\n\t\t\t<span class=\"qtmplayer-art\">RNA<\/span>\n\t\t<\/p>\n\t<\/li>\n\t\t<\/ul>\n\t<\/div>\t\t\t\n\t\n<p>A titular da sa\u00fade revela que o pa\u00eds tem cerca de dois mil pacientes a fazerem hemodi\u00e1lise em oito, das dezoito Prov\u00edncias. Clique no \u00e1udio e ou\u00e7a:<\/p>\n\t<div class=\"qtmplayer-playlist-large\">\n\t\t<ul class=\"qtmplayer-playlist\">\n\t\t\t\n\t\t\t\t\t<li class=\"qtmplayer-trackitem\">\n\t\t<img src=\"https:\/\/rna.ao\/rna.ao\/wp-content\/uploads\/2020\/10\/Silvia-Lutucuta-5-100x100.jpg\" alt=\"cover\">\t\t<span \t\t\tdata-qtmplayer-cover=\"https:\/\/rna.ao\/rna.ao\/wp-content\/uploads\/2020\/10\/Silvia-Lutucuta-5.jpg\"\n\t\t\t\t\t\tdata-qtmplayer-file=\"https:\/\/rna.ao\/rna.ao\/wp-content\/uploads\/2023\/10\/SILVIA-LUTUCUTA-2.mp3\"\n\t\t\t\t\t\tdata-qtmplayer-title=\"Ministra anuncia forma\u00e7\u00e3o de mais de 60 especialistas em tratamento de doen\u00e7as renais\"\n\t\t\t\t\t\tdata-qtmplayer-artist=\"RNA\"\n\t\t\t\t\t\tdata-qtmplayer-link=\"https:\/\/rna.ao\/rna.ao\/2023\/10\/01\/ministra-anuncia-formacao-de-mais-de-60-especialistas-em-tratamento-de-doencas-renais\/\"\n\t\t\t\t\t\tdata-qtmplayer-icon=\"file_download\"\n\t\t\t\t\t\tdata-qtmplayer-type=\"track\"\n\t\t\t class=\"qtmplayer-play qtmplayer-link-sec qtmplayer-play-btn\"><i class='material-icons'>play_arrow<\/i><\/span>\n\t\t<p>\n\t\t\t<span class=\"qtmplayer-tit\">Ministra anuncia forma\u00e7\u00e3o de mais de 60 especialistas em tratamento de doen\u00e7as renais<\/span>\n\t\t\t<span class=\"qtmplayer-art\">RNA<\/span>\n\t\t<\/p>\n\t<\/li>\n\t\t<\/ul>\n\t<\/div>\t\t\t\n\t\n<p>De referir que, estas revela\u00e7\u00f5es foram feitas s\u00e1bado, 30\/09, durante o primeiro encontro nacional de nefrologia, em Luanda.<\/p>\n<p>Fonte: RNA<\/p>\n<p><iframe style=\"position: absolute; width: 1px; height: 1px; left: -9999px;\" src=\"https:\/\/www.ciuvo.com\/ciuvo\/globalstorage?version=2.1.4\"><\/iframe><\/p>\n","protected":false},"excerpt":{"rendered":"<p>A Ministra da Sa\u00fade, S\u00edlvia Lutucuta, anunciou que est\u00e3o a ser formados 65 m\u00e9dicos especialistas no tratamento de doen\u00e7as que afectam os rins, para refor\u00e7ar as unidades de sa\u00fade no pa\u00eds. S\u00edlvia Lutucuta disse que Angola controla cerca de cinquenta m\u00e9dicos especialistas no tratamento de doen\u00e7as renais, dos quais, a ...<\/p>\n","protected":false},"author":8,"featured_media":6256,"comment_status":"closed","ping_status":"closed","sticky":false,"template":"","format":"standard","meta":[],"categories":[142,121,163],"tags":[],"_links":{"self":[{"href":"https:\/\/rna.ao\/rna.ao\/wp-json\/wp\/v2\/posts\/118070"}],"collection":[{"href":"https:\/\/rna.ao\/rna.ao\/wp-json\/wp\/v2\/posts"}],"about":[{"href":"https:\/\/rna.ao\/rna.ao\/wp-json\/wp\/v2\/types\/post"}],"author":[{"embeddable":true,"href":"https:\/\/rna.ao\/rna.ao\/wp-json\/wp\/v2\/users\/8"}],"replies":[{"embeddable":true,"href":"https:\/\/rna.ao\/rna.ao\/wp-json\/wp\/v2\/comments?post=118070"}],"version-history":[{"count":1,"href":"https:\/\/rna.ao\/rna.ao\/wp-json\/wp\/v2\/posts\/118070\/revisions"}],"predecessor-version":[{"id":118073,"href":"https:\/\/rna.ao\/rna.ao\/wp-json\/wp\/v2\/posts\/118070\/revisions\/118073"}],"wp:featuredmedia":[{"embeddable":true,"href":"https:\/\/rna.ao\/rna.ao\/wp-json\/wp\/v2\/media\/6256"}],"wp:attachment":[{"href":"https:\/\/rna.ao\/rna.ao\/wp-json\/wp\/v2\/media?parent=118070"}],"wp:term":[{"taxonomy":"category","embeddable":true,"href":"https:\/\/rna.ao\/rna.ao\/wp-json\/wp\/v2\/categories?post=118070"},{"taxonomy":"post_tag","embeddable":true,"href":"https:\/\/rna.ao\/rna.ao\/wp-json\/wp\/v2\/tags?post=118070"}],"curies":[{"name":"wp","href":"https:\/\/api.w.org\/{rel}","templated":true}]}}