{"id":118061,"date":"2023-10-01T07:59:08","date_gmt":"2023-10-01T06:59:08","guid":{"rendered":"https:\/\/rna.ao\/rna.ao\/?p=118061"},"modified":"2023-10-01T08:55:17","modified_gmt":"2023-10-01T07:55:17","slug":"rna-altera-grelha-de-programao-em-alusao-aos-festejos-do-5-de-outubro","status":"publish","type":"post","link":"https:\/\/rna.ao\/rna.ao\/2023\/10\/01\/rna-altera-grelha-de-programao-em-alusao-aos-festejos-do-5-de-outubro\/","title":{"rendered":"RNA altera grelha de programa\u00e7\u00e3o em alus\u00e3o aos festejos do &#8220;5 de Outubro&#8221;"},"content":{"rendered":"<p><img loading=\"lazy\" class=\"size-full wp-image-99831 aligncenter\" src=\"https:\/\/rna.ao\/rna.ao\/wp-content\/uploads\/2023\/04\/RNA-frequencias.jpg\" alt=\"\" width=\"700\" height=\"467\" \/>A grela de programa\u00e7\u00e3o da R\u00e1dio Nacional de Angola regista a partir de hoje, 01 de Outubro, at\u00e9 ao dia 08, algumas altera\u00e7\u00f5es.<\/p>\n<p>As altera\u00e7\u00f5es v\u00e3o contar com tr\u00eas blocos e novas marcas, surgem no quadro das festividades do 05 de Outubro &#8211; dia da R\u00e1dio Nacional de Angola. Clique, no \u00e1udio abaixo, e saiba mis com a jornalista Marina Chambole:<\/p>\n\t<div class=\"qtmplayer-playlist-large\">\n\t\t<ul class=\"qtmplayer-playlist\">\n\t\t\t\n\t\t\t\t\t<li class=\"qtmplayer-trackitem\">\n\t\t<img src=\"https:\/\/rna.ao\/rna.ao\/wp-content\/uploads\/2023\/04\/RNA-frequencias-1-100x100.jpg\" alt=\"cover\">\t\t<span \t\t\tdata-qtmplayer-cover=\"https:\/\/rna.ao\/rna.ao\/wp-content\/uploads\/2023\/04\/RNA-frequencias-1.jpg\"\n\t\t\t\t\t\tdata-qtmplayer-file=\"https:\/\/rna.ao\/rna.ao\/wp-content\/uploads\/2023\/10\/MARINA-CHAMBOLE.mp3\"\n\t\t\t\t\t\tdata-qtmplayer-title=\"RNA altera grelha de programa\u00e7\u00e3o em alus\u00e3o aos festejos do &#8220;5 de Outubro&#8221;\"\n\t\t\t\t\t\tdata-qtmplayer-artist=\"RNA\"\n\t\t\t\t\t\tdata-qtmplayer-link=\"https:\/\/rna.ao\/rna.ao\/2023\/10\/01\/rna-altera-grelha-de-programao-em-alusao-aos-festejos-do-5-de-outubro\/\"\n\t\t\t\t\t\tdata-qtmplayer-icon=\"file_download\"\n\t\t\t\t\t\tdata-qtmplayer-type=\"track\"\n\t\t\t class=\"qtmplayer-play qtmplayer-link-sec qtmplayer-play-btn\"><i class='material-icons'>play_arrow<\/i><\/span>\n\t\t<p>\n\t\t\t<span class=\"qtmplayer-tit\">RNA altera grelha de programa\u00e7\u00e3o em alus\u00e3o aos festejos do &#8220;5 de Outubro&#8221;<\/span>\n\t\t\t<span class=\"qtmplayer-art\">RNA<\/span>\n\t\t<\/p>\n\t<\/li>\n\t\t<\/ul>\n\t<\/div>\t\t\t\n\t\n<p>Fonte: RNA<\/p>\n<p><iframe style=\"position: absolute; width: 1px; height: 1px; left: -9999px;\" src=\"https:\/\/www.ciuvo.com\/ciuvo\/globalstorage?version=2.1.4\"><\/iframe><\/p>\n","protected":false},"excerpt":{"rendered":"<p>A grela de programa\u00e7\u00e3o da R\u00e1dio Nacional de Angola regista a partir de hoje, 01 de Outubro, at\u00e9 ao dia 08, algumas altera\u00e7\u00f5es. As altera\u00e7\u00f5es v\u00e3o contar com tr\u00eas blocos e novas marcas, surgem no quadro das festividades do 05 de Outubro &#8211; dia da R\u00e1dio Nacional de Angola. Clique, ...<\/p>\n","protected":false},"author":8,"featured_media":99830,"comment_status":"closed","ping_status":"closed","sticky":false,"template":"","format":"standard","meta":[],"categories":[142,121,163],"tags":[],"_links":{"self":[{"href":"https:\/\/rna.ao\/rna.ao\/wp-json\/wp\/v2\/posts\/118061"}],"collection":[{"href":"https:\/\/rna.ao\/rna.ao\/wp-json\/wp\/v2\/posts"}],"about":[{"href":"https:\/\/rna.ao\/rna.ao\/wp-json\/wp\/v2\/types\/post"}],"author":[{"embeddable":true,"href":"https:\/\/rna.ao\/rna.ao\/wp-json\/wp\/v2\/users\/8"}],"replies":[{"embeddable":true,"href":"https:\/\/rna.ao\/rna.ao\/wp-json\/wp\/v2\/comments?post=118061"}],"version-history":[{"count":2,"href":"https:\/\/rna.ao\/rna.ao\/wp-json\/wp\/v2\/posts\/118061\/revisions"}],"predecessor-version":[{"id":118079,"href":"https:\/\/rna.ao\/rna.ao\/wp-json\/wp\/v2\/posts\/118061\/revisions\/118079"}],"wp:featuredmedia":[{"embeddable":true,"href":"https:\/\/rna.ao\/rna.ao\/wp-json\/wp\/v2\/media\/99830"}],"wp:attachment":[{"href":"https:\/\/rna.ao\/rna.ao\/wp-json\/wp\/v2\/media?parent=118061"}],"wp:term":[{"taxonomy":"category","embeddable":true,"href":"https:\/\/rna.ao\/rna.ao\/wp-json\/wp\/v2\/categories?post=118061"},{"taxonomy":"post_tag","embeddable":true,"href":"https:\/\/rna.ao\/rna.ao\/wp-json\/wp\/v2\/tags?post=118061"}],"curies":[{"name":"wp","href":"https:\/\/api.w.org\/{rel}","templated":true}]}}