{"id":11799,"date":"2020-11-23T07:35:05","date_gmt":"2020-11-23T06:35:05","guid":{"rendered":"https:\/\/rna.ao\/rna.ao\/?p=11799"},"modified":"2020-11-23T07:37:30","modified_gmt":"2020-11-23T06:37:30","slug":"policia-recupera-seis-mil-metros-de-cabos-electricos-furtados-na-central-termica-da-quileva-no-lobito","status":"publish","type":"post","link":"https:\/\/rna.ao\/rna.ao\/2020\/11\/23\/policia-recupera-seis-mil-metros-de-cabos-electricos-furtados-na-central-termica-da-quileva-no-lobito\/","title":{"rendered":"Pol\u00edcia recupera seis mil metros de cabos el\u00e9ctricos furtados na Central t\u00e9rmica da Quileva"},"content":{"rendered":"<p><img loading=\"lazy\" class=\"size-full wp-image-11801 alignleft\" src=\"https:\/\/rna.ao\/rna.ao\/wp-content\/uploads\/2020\/11\/Cabos-electricos.jpg\" alt=\"\" width=\"269\" height=\"180\" \/>A Pol\u00edcia Nacional, na prov\u00edncia de Benguela, recuperou seis mil metros de cabos el\u00e9ctricos, furtados na Central T\u00e9rmica da Quileva, na cidade do Lobito.<\/p>\n<p>Est\u00e3o, neste momento, detidos quatro indiv\u00edduos suspeitos do crime. O material foi furtado dos Armaz\u00e9ns da ENDE, e suspeita-se que h\u00e1 envolvimento de funcion\u00e1rios da empresa. Clique no \u00e1udio, em baixo, e ou\u00e7a com mais desenvolvimento na reportagem:<\/p>\n\t<div class=\"qtmplayer-playlist-large\">\n\t\t<ul class=\"qtmplayer-playlist\">\n\t\t\t\n\t\t\t\t\t<li class=\"qtmplayer-trackitem\">\n\t\t<img src=\"https:\/\/rna.ao\/rna.ao\/wp-content\/uploads\/2020\/11\/Cabos-electricos-100x100.jpg\" alt=\"cover\">\t\t<span \t\t\tdata-qtmplayer-cover=\"https:\/\/rna.ao\/rna.ao\/wp-content\/uploads\/2020\/11\/Cabos-electricos.jpg\"\n\t\t\t\t\t\tdata-qtmplayer-file=\"https:\/\/rna.ao\/rna.ao\/wp-content\/uploads\/2020\/11\/LOBITO-FURTO-CABOS-DE-ENERGIA-07-HRS.mp3\"\n\t\t\t\t\t\tdata-qtmplayer-title=\"Pol\u00edcia recupera seis mil metros de cabos el\u00e9ctricos furtados na Central t\u00e9rmica da Quileva\"\n\t\t\t\t\t\tdata-qtmplayer-artist=\"RNA\"\n\t\t\t\t\t\tdata-qtmplayer-link=\"https:\/\/rna.ao\/rna.ao\/2020\/11\/23\/policia-recupera-seis-mil-metros-de-cabos-electricos-furtados-na-central-termica-da-quileva-no-lobito\/\"\n\t\t\t\t\t\tdata-qtmplayer-icon=\"file_download\"\n\t\t\t\t\t\tdata-qtmplayer-type=\"track\"\n\t\t\t class=\"qtmplayer-play qtmplayer-link-sec qtmplayer-play-btn\"><i class='material-icons'>play_arrow<\/i><\/span>\n\t\t<p>\n\t\t\t<span class=\"qtmplayer-tit\">Pol\u00edcia recupera seis mil metros de cabos el\u00e9ctricos furtados na Central t\u00e9rmica da Quileva<\/span>\n\t\t\t<span class=\"qtmplayer-art\">RNA<\/span>\n\t\t<\/p>\n\t<\/li>\n\t\t<\/ul>\n\t<\/div>\t\t\t\n\t\n<p>Fonte: RNA &#8211; Jornalista Edson Santos<\/p>\n","protected":false},"excerpt":{"rendered":"<p>A Pol\u00edcia Nacional, na prov\u00edncia de Benguela, recuperou seis mil metros de cabos el\u00e9ctricos, furtados na Central T\u00e9rmica da Quileva, na cidade do Lobito. Est\u00e3o, neste momento, detidos quatro indiv\u00edduos suspeitos do crime. O material foi furtado dos Armaz\u00e9ns da ENDE, e suspeita-se que h\u00e1 envolvimento de funcion\u00e1rios da empresa. ...<\/p>\n","protected":false},"author":8,"featured_media":11801,"comment_status":"closed","ping_status":"closed","sticky":false,"template":"","format":"standard","meta":[],"categories":[142,121,164,163],"tags":[],"_links":{"self":[{"href":"https:\/\/rna.ao\/rna.ao\/wp-json\/wp\/v2\/posts\/11799"}],"collection":[{"href":"https:\/\/rna.ao\/rna.ao\/wp-json\/wp\/v2\/posts"}],"about":[{"href":"https:\/\/rna.ao\/rna.ao\/wp-json\/wp\/v2\/types\/post"}],"author":[{"embeddable":true,"href":"https:\/\/rna.ao\/rna.ao\/wp-json\/wp\/v2\/users\/8"}],"replies":[{"embeddable":true,"href":"https:\/\/rna.ao\/rna.ao\/wp-json\/wp\/v2\/comments?post=11799"}],"version-history":[{"count":4,"href":"https:\/\/rna.ao\/rna.ao\/wp-json\/wp\/v2\/posts\/11799\/revisions"}],"predecessor-version":[{"id":11806,"href":"https:\/\/rna.ao\/rna.ao\/wp-json\/wp\/v2\/posts\/11799\/revisions\/11806"}],"wp:featuredmedia":[{"embeddable":true,"href":"https:\/\/rna.ao\/rna.ao\/wp-json\/wp\/v2\/media\/11801"}],"wp:attachment":[{"href":"https:\/\/rna.ao\/rna.ao\/wp-json\/wp\/v2\/media?parent=11799"}],"wp:term":[{"taxonomy":"category","embeddable":true,"href":"https:\/\/rna.ao\/rna.ao\/wp-json\/wp\/v2\/categories?post=11799"},{"taxonomy":"post_tag","embeddable":true,"href":"https:\/\/rna.ao\/rna.ao\/wp-json\/wp\/v2\/tags?post=11799"}],"curies":[{"name":"wp","href":"https:\/\/api.w.org\/{rel}","templated":true}]}}